{"id":918,"date":"2024-05-09T09:55:09","date_gmt":"2024-05-09T08:55:09","guid":{"rendered":"https:\/\/webs.uab.cat\/mobilitatsqueer\/2024\/05\/09\/presentacio-a-brighton-3-9\/"},"modified":"2024-09-06T09:40:41","modified_gmt":"2024-09-06T08:40:41","slug":"presentacio-a-brighton-3-9","status":"publish","type":"post","link":"https:\/\/webs.uab.cat\/mobilitatsqueer\/2024\/05\/09\/presentacio-a-brighton-3-9\/","title":{"rendered":"Presentaci\u00f3 a Brighton 3\/9"},"content":{"rendered":"\n<p class=\"has-drop-cap\">El 3 de setembre, fem ress\u00f2 de les estrat\u00e8gies de (in)visibilitat i cures queer en la 7a Confer\u00e8ncia de Geografies Europees de la Sexualitat. Participem en la sessi\u00f3 &#8216;Comfort and the city: towards a multiscalar and mobile approach of safe spaces and discomfort&#8217;. <\/p>\n\n\n\n<p>Teniu m\u00e9s informaci\u00f3 en aquest <a href=\"https:\/\/2024.egsconference.com\/\" target=\"_blank\" rel=\"noreferrer noopener\">enlla\u00e7<\/a>. <\/p>\n\n\n\n<div class=\"wp-block-columns is-layout-flex wp-container-core-columns-is-layout-9d6595d7 wp-block-columns-is-layout-flex\">\n<div class=\"wp-block-column is-layout-flow wp-block-column-is-layout-flow\">\n<figure class=\"wp-block-embed is-type-rich is-provider-twitter wp-block-embed-twitter\"><div class=\"wp-block-embed__wrapper\">\n<blockquote class=\"twitter-tweet\" data-width=\"550\" data-dnt=\"true\"><p lang=\"en\" dir=\"ltr\">That&#39;s a wrap for European Geographies of Sexualities Conference 2024! We managed to get a conference photo for those who didn&#39;t have to rush off for a train \u2764\ufe0f Lots of great ideas for 2026 too, wherever the conference ends up! <a href=\"https:\/\/t.co\/nBY9FoS82K\">pic.twitter.com\/nBY9FoS82K<\/a><\/p>&mdash; Dr Nick McGlynn (@nikku_man) <a href=\"https:\/\/twitter.com\/nikku_man\/status\/1831016080782836087?ref_src=twsrc%5Etfw\">September 3, 2024<\/a><\/blockquote><script async src=\"https:\/\/platform.twitter.com\/widgets.js\" charset=\"utf-8\"><\/script>\n<\/div><\/figure>\n<\/div>\n\n\n\n<div class=\"wp-block-column is-layout-flow wp-block-column-is-layout-flow\"><\/div>\n<\/div>\n","protected":false},"excerpt":{"rendered":"<p>El 3 de setembre, fem ress\u00f2 de les estrat\u00e8gies de (in)visibilitat i cures queer en la 7a Confer\u00e8ncia de Geografies Europees de la Sexualitat. Participem en la sessi\u00f3 &#8216;Comfort and the city: towards a multiscalar and mobile approach of safe spaces and discomfort&#8217;. Teniu m\u00e9s informaci\u00f3 en aquest enlla\u00e7.<\/p>\n","protected":false},"author":2792,"featured_media":501,"comment_status":"closed","ping_status":"closed","sticky":false,"template":"","format":"standard","meta":{"footnotes":""},"categories":[18],"tags":[],"class_list":["post-918","post","type-post","status-publish","format-standard","has-post-thumbnail","hentry","category-presentacions"],"_links":{"self":[{"href":"https:\/\/webs.uab.cat\/mobilitatsqueer\/wp-json\/wp\/v2\/posts\/918","targetHints":{"allow":["GET"]}}],"collection":[{"href":"https:\/\/webs.uab.cat\/mobilitatsqueer\/wp-json\/wp\/v2\/posts"}],"about":[{"href":"https:\/\/webs.uab.cat\/mobilitatsqueer\/wp-json\/wp\/v2\/types\/post"}],"author":[{"embeddable":true,"href":"https:\/\/webs.uab.cat\/mobilitatsqueer\/wp-json\/wp\/v2\/users\/2792"}],"replies":[{"embeddable":true,"href":"https:\/\/webs.uab.cat\/mobilitatsqueer\/wp-json\/wp\/v2\/comments?post=918"}],"version-history":[{"count":2,"href":"https:\/\/webs.uab.cat\/mobilitatsqueer\/wp-json\/wp\/v2\/posts\/918\/revisions"}],"predecessor-version":[{"id":940,"href":"https:\/\/webs.uab.cat\/mobilitatsqueer\/wp-json\/wp\/v2\/posts\/918\/revisions\/940"}],"wp:featuredmedia":[{"embeddable":true,"href":"https:\/\/webs.uab.cat\/mobilitatsqueer\/wp-json\/wp\/v2\/media\/501"}],"wp:attachment":[{"href":"https:\/\/webs.uab.cat\/mobilitatsqueer\/wp-json\/wp\/v2\/media?parent=918"}],"wp:term":[{"taxonomy":"category","embeddable":true,"href":"https:\/\/webs.uab.cat\/mobilitatsqueer\/wp-json\/wp\/v2\/categories?post=918"},{"taxonomy":"post_tag","embeddable":true,"href":"https:\/\/webs.uab.cat\/mobilitatsqueer\/wp-json\/wp\/v2\/tags?post=918"}],"curies":[{"name":"wp","href":"https:\/\/api.w.org\/{rel}","templated":true}]}}