{"id":1030,"date":"2022-08-20T10:07:36","date_gmt":"2022-08-20T10:07:36","guid":{"rendered":"https:\/\/blogs.uab.cat\/observatoriconvivenciaicivisme\/?p=1028"},"modified":"2022-08-20T10:07:36","modified_gmt":"2022-08-20T10:07:36","slug":"carrer-enric-granados-quan-les-terrasses-ho-envaeixen-tot","status":"publish","type":"post","link":"https:\/\/webs.uab.cat\/observatoriconvivenciaicivisme\/2022\/08\/20\/carrer-enric-granados-quan-les-terrasses-ho-envaeixen-tot\/","title":{"rendered":"Carrer Enric Granados: quan les terrasses ho envaeixen tot"},"content":{"rendered":"<h1 class=\"title\">Enric Granados: quan les terrasses ho envaeixen tot<\/h1>\n<h2 class=\"subtitle\">Els ve\u00efns <a href=\"https:\/\/www.ara.cat\/societat\/barcelona\/enric-granados-terrasses-ho-envaeixen_1_4446753.html\">denuncien<\/a> la desaparci\u00f3 de mobiliari urb\u00e0 en un dels punts m\u00e9s pressionats per l&#8217;acumulaci\u00f3 de restaurants.<\/h2>\n<p>&nbsp;<\/p>\n<p>&nbsp;<\/p>\n<p>&nbsp;<\/p>\n","protected":false},"excerpt":{"rendered":"<p>Enric Granados: quan les terrasses ho envaeixen tot Els ve\u00efns denuncien la desaparci\u00f3 de mobiliari urb\u00e0 en un dels punts m\u00e9s pressionats per l&#8217;acumulaci\u00f3 de restaurants. &nbsp; &nbsp; &nbsp;<\/p>\n","protected":false},"author":1630,"featured_media":0,"comment_status":"open","ping_status":"open","sticky":false,"template":"","format":"standard","meta":{"footnotes":""},"categories":[4,7,5],"tags":[],"class_list":["post-1030","post","type-post","status-publish","format-standard","hentry","category-espai-public-i-drets-fonamentals","category-ordenances-de-civisme-i-convivencia","category-ordenances-municipals-de-civisme-i-convivencia"],"_links":{"self":[{"href":"https:\/\/webs.uab.cat\/observatoriconvivenciaicivisme\/wp-json\/wp\/v2\/posts\/1030","targetHints":{"allow":["GET"]}}],"collection":[{"href":"https:\/\/webs.uab.cat\/observatoriconvivenciaicivisme\/wp-json\/wp\/v2\/posts"}],"about":[{"href":"https:\/\/webs.uab.cat\/observatoriconvivenciaicivisme\/wp-json\/wp\/v2\/types\/post"}],"author":[{"embeddable":true,"href":"https:\/\/webs.uab.cat\/observatoriconvivenciaicivisme\/wp-json\/wp\/v2\/users\/1630"}],"replies":[{"embeddable":true,"href":"https:\/\/webs.uab.cat\/observatoriconvivenciaicivisme\/wp-json\/wp\/v2\/comments?post=1030"}],"version-history":[{"count":1,"href":"https:\/\/webs.uab.cat\/observatoriconvivenciaicivisme\/wp-json\/wp\/v2\/posts\/1030\/revisions"}],"predecessor-version":[{"id":1133,"href":"https:\/\/webs.uab.cat\/observatoriconvivenciaicivisme\/wp-json\/wp\/v2\/posts\/1030\/revisions\/1133"}],"wp:attachment":[{"href":"https:\/\/webs.uab.cat\/observatoriconvivenciaicivisme\/wp-json\/wp\/v2\/media?parent=1030"}],"wp:term":[{"taxonomy":"category","embeddable":true,"href":"https:\/\/webs.uab.cat\/observatoriconvivenciaicivisme\/wp-json\/wp\/v2\/categories?post=1030"},{"taxonomy":"post_tag","embeddable":true,"href":"https:\/\/webs.uab.cat\/observatoriconvivenciaicivisme\/wp-json\/wp\/v2\/tags?post=1030"}],"curies":[{"name":"wp","href":"https:\/\/api.w.org\/{rel}","templated":true}]}}