{"id":834,"date":"2021-03-08T12:33:43","date_gmt":"2021-03-08T12:33:43","guid":{"rendered":"http:\/\/blogs.uab.cat\/observatoriconvivenciaicivisme\/?p=834"},"modified":"2021-03-08T12:33:43","modified_gmt":"2021-03-08T12:33:43","slug":"primera-radiografia-de-laccidentalitat-en-bicicleta-a-la-metropolis-de-barcelona-liermb-i-lamb-i-han-analitzat-els-7-577-accidents-de-bicicleta-que-shan-registrat-a","status":"publish","type":"post","link":"https:\/\/webs.uab.cat\/observatoriconvivenciaicivisme\/2021\/03\/08\/primera-radiografia-de-laccidentalitat-en-bicicleta-a-la-metropolis-de-barcelona-liermb-i-lamb-i-han-analitzat-els-7-577-accidents-de-bicicleta-que-shan-registrat-a\/","title":{"rendered":"Primera radiografia de l\u2019accidentalitat en bicicleta a la metr\u00f2polis de Barcelona L\u2019IERMB i l\u2019AMB i han analitzat els 7.577 accidents de bicicleta que s\u2019han registrat a la metr\u00f2polis de Barcelona en els darrers 10 anys (2010-2019)"},"content":{"rendered":"<p style=\"text-align: left\"><a href=\"https:\/\/iermb.uab.cat\/ca\/noticias\/accidentabilitat_bici\/?utm_source=mailpoet&amp;utm_medium=email&amp;utm_campaign=butlleti-iermb-marc-2021-dia-internacional-de-les-dones-vulnerabilitat-urbana-accidentabilitat-en-bici-i-molt-mes_48\">https:\/\/iermb.uab.cat\/ca\/noticias\/accidentabilitat_bici\/?utm_source=mailpoet&amp;utm_medium=email&amp;utm_campaign=butlleti-iermb-marc-2021-dia-internacional-de-les-dones-vulnerabilitat-urbana-accidentabilitat-en-bici-i-molt-mes_4<\/a><\/p>\n<p>El <strong>primer estudi d\u2019accidentalitat en bicicleta a la metr\u00f2polis de Barcelona<\/strong> analitza els<strong> 7.577 accidents <\/strong>que s\u2019han registrat al territori <strong>en els darrers 10 anys (2010-2019)<\/strong> i que han causat un total de <strong>7.807 ciclistes accidentats<\/strong>. Tamb\u00e9 s\u2019ha analitzat l\u2019<strong>efecte de la pand\u00e8mia de la covid-19 i el confinament <\/strong>domiciliari en l\u2019accidentalitat en bicicleta durant els primers mesos del 2020, que ha fet reduir els despla\u00e7aments i l\u2019accidentalitat. L\u2019informe l\u2019ha realitzat l\u2019\u00e0rea de Mobilitat de l\u2019IERMB, amb el suport de l\u2019AMB, i a partir de dades del Servei Catal\u00e0 de Tr\u00e0nsit (SCT).<strong> \u00a0<\/strong><\/p>\n<p>Els resultats de l\u2019estudi, que analitza la localitzaci\u00f3 dels sinistres, el tipus d\u2019accident i el perfil de les persones accidentades, permetr\u00e0 a l\u2019AMB <strong>detectar les mancances i els punts negres en la circulaci\u00f3 de bicicletes a la metr\u00f2polis i prioritzar la millora de les infraestructures existents i la construcci\u00f3 de nous trams pedalables segurs<\/strong>. Tot, amb l\u2019objectiu de seguir <strong>millorant<\/strong> les <strong>pol\u00edtiques d\u2019impuls de la bicicleta<\/strong>, una <strong>pe\u00e7a clau<\/strong> en el nou trencaclosques de la <strong>mobilitat metropolitana despr\u00e9s de la covid-19<\/strong>.<\/p>\n<p>&nbsp;<\/p>\n","protected":false},"excerpt":{"rendered":"<p>https:\/\/iermb.uab.cat\/ca\/noticias\/accidentabilitat_bici\/?utm_source=mailpoet&amp;utm_medium=email&amp;utm_campaign=butlleti-iermb-marc-2021-dia-internacional-de-les-dones-vulnerabilitat-urbana-accidentabilitat-en-bici-i-molt-mes_4 El primer estudi d\u2019accidentalitat en bicicleta a la metr\u00f2polis de Barcelona analitza els 7.577 accidents que s\u2019han registrat al territori en els darrers 10 anys (2010-2019) i que han causat un total de 7.807 ciclistes accidentats. Tamb\u00e9 s\u2019ha analitzat l\u2019efecte de la pand\u00e8mia de la covid-19 i el confinament domiciliari en l\u2019accidentalitat en bicicleta [&hellip;]<\/p>\n","protected":false},"author":1630,"featured_media":0,"comment_status":"open","ping_status":"open","sticky":false,"template":"","format":"standard","meta":{"footnotes":""},"categories":[4],"tags":[11],"class_list":["post-834","post","type-post","status-publish","format-standard","hentry","category-espai-public-i-drets-fonamentals","tag-convivencia"],"_links":{"self":[{"href":"https:\/\/webs.uab.cat\/observatoriconvivenciaicivisme\/wp-json\/wp\/v2\/posts\/834","targetHints":{"allow":["GET"]}}],"collection":[{"href":"https:\/\/webs.uab.cat\/observatoriconvivenciaicivisme\/wp-json\/wp\/v2\/posts"}],"about":[{"href":"https:\/\/webs.uab.cat\/observatoriconvivenciaicivisme\/wp-json\/wp\/v2\/types\/post"}],"author":[{"embeddable":true,"href":"https:\/\/webs.uab.cat\/observatoriconvivenciaicivisme\/wp-json\/wp\/v2\/users\/1630"}],"replies":[{"embeddable":true,"href":"https:\/\/webs.uab.cat\/observatoriconvivenciaicivisme\/wp-json\/wp\/v2\/comments?post=834"}],"version-history":[{"count":0,"href":"https:\/\/webs.uab.cat\/observatoriconvivenciaicivisme\/wp-json\/wp\/v2\/posts\/834\/revisions"}],"wp:attachment":[{"href":"https:\/\/webs.uab.cat\/observatoriconvivenciaicivisme\/wp-json\/wp\/v2\/media?parent=834"}],"wp:term":[{"taxonomy":"category","embeddable":true,"href":"https:\/\/webs.uab.cat\/observatoriconvivenciaicivisme\/wp-json\/wp\/v2\/categories?post=834"},{"taxonomy":"post_tag","embeddable":true,"href":"https:\/\/webs.uab.cat\/observatoriconvivenciaicivisme\/wp-json\/wp\/v2\/tags?post=834"}],"curies":[{"name":"wp","href":"https:\/\/api.w.org\/{rel}","templated":true}]}}