{"id":838,"date":"2021-03-11T11:15:21","date_gmt":"2021-03-11T11:15:21","guid":{"rendered":"http:\/\/blogs.uab.cat\/observatoriconvivenciaicivisme\/?p=838"},"modified":"2021-03-11T11:15:21","modified_gmt":"2021-03-11T11:15:21","slug":"malestar-per-lurbanisme-tactic","status":"publish","type":"post","link":"https:\/\/webs.uab.cat\/observatoriconvivenciaicivisme\/2021\/03\/11\/malestar-per-lurbanisme-tactic\/","title":{"rendered":"Malestar per l&#8217;urbanisme t\u00e0ctic"},"content":{"rendered":"<p>Els nous elements de mobiliari urb\u00e0 \u2013com blocs de formig\u00f3\u2013, determinats talls de carrers parcials o complets, l\u2019eliminaci\u00f3 de zones de c\u00e0rrega i desc\u00e0rrega i d\u2019aparcaments, noves zones per als vianants que no s\u00f3n gens in clusives&#8230; Actuacions vinculades a l\u2019anomenat urbanisme t\u00e0ctic o conseq\u00fc\u00e8ncies d\u2019aquest \u00faltim que, de manera innova- dora, es van sumar l\u2019any passat a l\u2019amalgama de queixes que rep la Sindicatura de Greuges de Barcelona.<\/p>\n<p><a href=\"https:\/\/webs.uab.cat\/observatoriconvivenciaicivisme\/wp-content\/uploads\/sites\/290\/2021\/03\/Malestar-urbanisne-tactic.pdf\">Malestar urbanisne t\u00e0ctic<\/a><\/p>\n","protected":false},"excerpt":{"rendered":"<p>Els nous elements de mobiliari urb\u00e0 \u2013com blocs de formig\u00f3\u2013, determinats talls de carrers parcials o complets, l\u2019eliminaci\u00f3 de zones de c\u00e0rrega i desc\u00e0rrega i d\u2019aparcaments, noves zones per als vianants que no s\u00f3n gens in clusives&#8230; Actuacions vinculades a l\u2019anomenat urbanisme t\u00e0ctic o conseq\u00fc\u00e8ncies d\u2019aquest \u00faltim que, de manera innova- dora, es van sumar [&hellip;]<\/p>\n","protected":false},"author":1630,"featured_media":0,"comment_status":"open","ping_status":"open","sticky":false,"template":"","format":"standard","meta":{"footnotes":""},"categories":[4,7],"tags":[9,11],"class_list":["post-838","post","type-post","status-publish","format-standard","hentry","category-espai-public-i-drets-fonamentals","category-ordenances-de-civisme-i-convivencia","tag-civisme","tag-convivencia"],"_links":{"self":[{"href":"https:\/\/webs.uab.cat\/observatoriconvivenciaicivisme\/wp-json\/wp\/v2\/posts\/838","targetHints":{"allow":["GET"]}}],"collection":[{"href":"https:\/\/webs.uab.cat\/observatoriconvivenciaicivisme\/wp-json\/wp\/v2\/posts"}],"about":[{"href":"https:\/\/webs.uab.cat\/observatoriconvivenciaicivisme\/wp-json\/wp\/v2\/types\/post"}],"author":[{"embeddable":true,"href":"https:\/\/webs.uab.cat\/observatoriconvivenciaicivisme\/wp-json\/wp\/v2\/users\/1630"}],"replies":[{"embeddable":true,"href":"https:\/\/webs.uab.cat\/observatoriconvivenciaicivisme\/wp-json\/wp\/v2\/comments?post=838"}],"version-history":[{"count":0,"href":"https:\/\/webs.uab.cat\/observatoriconvivenciaicivisme\/wp-json\/wp\/v2\/posts\/838\/revisions"}],"wp:attachment":[{"href":"https:\/\/webs.uab.cat\/observatoriconvivenciaicivisme\/wp-json\/wp\/v2\/media?parent=838"}],"wp:term":[{"taxonomy":"category","embeddable":true,"href":"https:\/\/webs.uab.cat\/observatoriconvivenciaicivisme\/wp-json\/wp\/v2\/categories?post=838"},{"taxonomy":"post_tag","embeddable":true,"href":"https:\/\/webs.uab.cat\/observatoriconvivenciaicivisme\/wp-json\/wp\/v2\/tags?post=838"}],"curies":[{"name":"wp","href":"https:\/\/api.w.org\/{rel}","templated":true}]}}