{"id":859,"date":"2021-08-19T12:28:14","date_gmt":"2021-08-19T12:28:14","guid":{"rendered":"https:\/\/blogs.uab.cat\/observatoriconvivenciaicivisme\/?p=859"},"modified":"2021-08-19T12:28:14","modified_gmt":"2021-08-19T12:28:14","slug":"un-profesor-que-abuso-de-tres-menores-se-libra-de-la-carcel","status":"publish","type":"post","link":"https:\/\/webs.uab.cat\/observatoriconvivenciaicivisme\/2021\/08\/19\/un-profesor-que-abuso-de-tres-menores-se-libra-de-la-carcel\/","title":{"rendered":"Un profesor que abus\u00f3 de tres menores se libra de la c\u00e1rcel"},"content":{"rendered":"<p><a href=\"https:\/\/webs.uab.cat\/observatoriconvivenciaicivisme\/wp-content\/uploads\/sites\/290\/2021\/08\/0025HMFS.pdf\">0025HMFS<\/a><\/p>\n<p>Un profesor acusado de abusar sexualmente de tres alumnos en un instituto p\u00fablico de L\u2019Ametlla del Vall\u00e8s (Vall\u00e8s Oriental) se ha librado de pisar la c\u00e1rcel, pese a que la fiscal\u00eda solicitaba inicialmente para \u00e9l 13 a\u00f1os de prisi\u00f3n por tres delitos. En la vista que se celebr\u00f3 ayer en la Audiencia de Barcelona, la acusaci\u00f3n p\u00fablica, tras un pacto con la defensa y el reconocimiento de los hechos por parte del imputado, Carles Santandreu Ojeda, modific\u00f3 su petici\u00f3n de pena y la rebaj\u00f3 a cuatro a\u00f1os y un mes de prisi\u00f3n. Aleg\u00f3 la reparaci\u00f3n del<br \/>\nda\u00f1o por parte del imputado (pag\u00f3 a sus v\u00edctimas 2.700 euros de<br \/>\nindemnizaci\u00f3n por da\u00f1os morales) y dilaciones indebidas durante<br \/>\nla instrucci\u00f3n del proceso.<\/p>\n","protected":false},"excerpt":{"rendered":"<p>0025HMFS Un profesor acusado de abusar sexualmente de tres alumnos en un instituto p\u00fablico de L\u2019Ametlla del Vall\u00e8s (Vall\u00e8s Oriental) se ha librado de pisar la c\u00e1rcel, pese a que la fiscal\u00eda solicitaba inicialmente para \u00e9l 13 a\u00f1os de prisi\u00f3n por tres delitos. En la vista que se celebr\u00f3 ayer en la Audiencia de Barcelona, [&hellip;]<\/p>\n","protected":false},"author":1630,"featured_media":0,"comment_status":"open","ping_status":"open","sticky":false,"template":"","format":"standard","meta":{"footnotes":""},"categories":[1],"tags":[11,17],"class_list":["post-859","post","type-post","status-publish","format-standard","hentry","category-general","tag-convivencia","tag-miserias-humanas"],"_links":{"self":[{"href":"https:\/\/webs.uab.cat\/observatoriconvivenciaicivisme\/wp-json\/wp\/v2\/posts\/859","targetHints":{"allow":["GET"]}}],"collection":[{"href":"https:\/\/webs.uab.cat\/observatoriconvivenciaicivisme\/wp-json\/wp\/v2\/posts"}],"about":[{"href":"https:\/\/webs.uab.cat\/observatoriconvivenciaicivisme\/wp-json\/wp\/v2\/types\/post"}],"author":[{"embeddable":true,"href":"https:\/\/webs.uab.cat\/observatoriconvivenciaicivisme\/wp-json\/wp\/v2\/users\/1630"}],"replies":[{"embeddable":true,"href":"https:\/\/webs.uab.cat\/observatoriconvivenciaicivisme\/wp-json\/wp\/v2\/comments?post=859"}],"version-history":[{"count":0,"href":"https:\/\/webs.uab.cat\/observatoriconvivenciaicivisme\/wp-json\/wp\/v2\/posts\/859\/revisions"}],"wp:attachment":[{"href":"https:\/\/webs.uab.cat\/observatoriconvivenciaicivisme\/wp-json\/wp\/v2\/media?parent=859"}],"wp:term":[{"taxonomy":"category","embeddable":true,"href":"https:\/\/webs.uab.cat\/observatoriconvivenciaicivisme\/wp-json\/wp\/v2\/categories?post=859"},{"taxonomy":"post_tag","embeddable":true,"href":"https:\/\/webs.uab.cat\/observatoriconvivenciaicivisme\/wp-json\/wp\/v2\/tags?post=859"}],"curies":[{"name":"wp","href":"https:\/\/api.w.org\/{rel}","templated":true}]}}