{"id":867,"date":"2021-08-20T10:40:06","date_gmt":"2021-08-20T10:40:06","guid":{"rendered":"https:\/\/blogs.uab.cat\/observatoriconvivenciaicivisme\/?p=867"},"modified":"2021-08-20T10:40:06","modified_gmt":"2021-08-20T10:40:06","slug":"barcelona-restara-carriles-al-coche-e-incrementara-el-verde","status":"publish","type":"post","link":"https:\/\/webs.uab.cat\/observatoriconvivenciaicivisme\/2021\/08\/20\/barcelona-restara-carriles-al-coche-e-incrementara-el-verde\/","title":{"rendered":"Barcelona restar\u00e1 carriles al coche e incrementar\u00e1 el verde"},"content":{"rendered":"<p><a href=\"https:\/\/webs.uab.cat\/observatoriconvivenciaicivisme\/wp-content\/uploads\/sites\/290\/2021\/08\/declaracion-de-emergencia-climatica-BCN_compressed.pdf\">declaraci\u00f3n de emergencia clim\u00e0tica BCN_compressed<\/a><\/p>\n<p>Colau desgrana la declaraci\u00f3n de emergencia clim\u00e1tica, que incluye un centenar de medidas<br \/>\nEl plan persigue reducir a la mitad las emisiones de CO2 respecto a 1992 en los pr\u00f3ximos 10 a\u00f1os<\/p>\n","protected":false},"excerpt":{"rendered":"<p>declaraci\u00f3n de emergencia clim\u00e0tica BCN_compressed Colau desgrana la declaraci\u00f3n de emergencia clim\u00e1tica, que incluye un centenar de medidas El plan persigue reducir a la mitad las emisiones de CO2 respecto a 1992 en los pr\u00f3ximos 10 a\u00f1os<\/p>\n","protected":false},"author":1630,"featured_media":0,"comment_status":"open","ping_status":"open","sticky":false,"template":"","format":"standard","meta":{"footnotes":""},"categories":[4],"tags":[9,11,13,14],"class_list":["post-867","post","type-post","status-publish","format-standard","hentry","category-espai-public-i-drets-fonamentals","tag-civisme","tag-convivencia","tag-crisi-climatica","tag-espai-public"],"_links":{"self":[{"href":"https:\/\/webs.uab.cat\/observatoriconvivenciaicivisme\/wp-json\/wp\/v2\/posts\/867","targetHints":{"allow":["GET"]}}],"collection":[{"href":"https:\/\/webs.uab.cat\/observatoriconvivenciaicivisme\/wp-json\/wp\/v2\/posts"}],"about":[{"href":"https:\/\/webs.uab.cat\/observatoriconvivenciaicivisme\/wp-json\/wp\/v2\/types\/post"}],"author":[{"embeddable":true,"href":"https:\/\/webs.uab.cat\/observatoriconvivenciaicivisme\/wp-json\/wp\/v2\/users\/1630"}],"replies":[{"embeddable":true,"href":"https:\/\/webs.uab.cat\/observatoriconvivenciaicivisme\/wp-json\/wp\/v2\/comments?post=867"}],"version-history":[{"count":0,"href":"https:\/\/webs.uab.cat\/observatoriconvivenciaicivisme\/wp-json\/wp\/v2\/posts\/867\/revisions"}],"wp:attachment":[{"href":"https:\/\/webs.uab.cat\/observatoriconvivenciaicivisme\/wp-json\/wp\/v2\/media?parent=867"}],"wp:term":[{"taxonomy":"category","embeddable":true,"href":"https:\/\/webs.uab.cat\/observatoriconvivenciaicivisme\/wp-json\/wp\/v2\/categories?post=867"},{"taxonomy":"post_tag","embeddable":true,"href":"https:\/\/webs.uab.cat\/observatoriconvivenciaicivisme\/wp-json\/wp\/v2\/tags?post=867"}],"curies":[{"name":"wp","href":"https:\/\/api.w.org\/{rel}","templated":true}]}}