{"id":916,"date":"2021-08-30T16:14:01","date_gmt":"2021-08-30T16:14:01","guid":{"rendered":"https:\/\/blogs.uab.cat\/observatoriconvivenciaicivisme\/?p=916"},"modified":"2021-08-30T16:14:01","modified_gmt":"2021-08-30T16:14:01","slug":"els-joves-debarcelona-ara-semancipen-mes-que-fa-cinc-anys","status":"publish","type":"post","link":"https:\/\/webs.uab.cat\/observatoriconvivenciaicivisme\/2021\/08\/30\/els-joves-debarcelona-ara-semancipen-mes-que-fa-cinc-anys\/","title":{"rendered":"Els joves deBarcelona ara s\u2019emancipen m\u00e9s que fa cinc anys"},"content":{"rendered":"<p><a href=\"https:\/\/webs.uab.cat\/observatoriconvivenciaicivisme\/wp-content\/uploads\/sites\/290\/2021\/08\/002BP64Z.pdf\">002BP64Z<\/a><\/p>\n<p>Els joves deBarcelona ara s\u2019emancipen m\u00e9s que fa cinc anys<\/p>\n<p>Els joves de Barcelona marxen de casa dels pares. Malgrat la precarietat laboral, la irrupci\u00f3 de la pand\u00e8mia i que trobar un pis \u00e9s<br \/>\nmolt dif\u00edcil, l\u2019emancipaci\u00f3 de les persones que viuen en aquesta<br \/>\nciutat d\u2019entre 20 i 29 anys es va incrementar l\u2019any passat fins a<br \/>\nvint punts en relaci\u00f3 amb la registrada cinc anys enrere. En<br \/>\naquests moments, tres quartes parts dels joves d\u2019entre 25 i 36<br \/>\nanys de Barcelona viu m\u00e9s o menys pel seu compte. A m\u00e9s,<br \/>\nm\u00e9s de la meitat va fere studis superiors. Barcelona cont\u00ednua sent<br \/>\nuna ciutat de refer\u00e8ncia per a es tudiants de m\u00f3n sencer.<\/p>\n","protected":false},"excerpt":{"rendered":"<p>002BP64Z Els joves deBarcelona ara s\u2019emancipen m\u00e9s que fa cinc anys Els joves de Barcelona marxen de casa dels pares. Malgrat la precarietat laboral, la irrupci\u00f3 de la pand\u00e8mia i que trobar un pis \u00e9s molt dif\u00edcil, l\u2019emancipaci\u00f3 de les persones que viuen en aquesta ciutat d\u2019entre 20 i 29 anys es va incrementar l\u2019any [&hellip;]<\/p>\n","protected":false},"author":1630,"featured_media":0,"comment_status":"open","ping_status":"open","sticky":false,"template":"","format":"standard","meta":{"footnotes":""},"categories":[1],"tags":[11],"class_list":["post-916","post","type-post","status-publish","format-standard","hentry","category-general","tag-convivencia"],"_links":{"self":[{"href":"https:\/\/webs.uab.cat\/observatoriconvivenciaicivisme\/wp-json\/wp\/v2\/posts\/916","targetHints":{"allow":["GET"]}}],"collection":[{"href":"https:\/\/webs.uab.cat\/observatoriconvivenciaicivisme\/wp-json\/wp\/v2\/posts"}],"about":[{"href":"https:\/\/webs.uab.cat\/observatoriconvivenciaicivisme\/wp-json\/wp\/v2\/types\/post"}],"author":[{"embeddable":true,"href":"https:\/\/webs.uab.cat\/observatoriconvivenciaicivisme\/wp-json\/wp\/v2\/users\/1630"}],"replies":[{"embeddable":true,"href":"https:\/\/webs.uab.cat\/observatoriconvivenciaicivisme\/wp-json\/wp\/v2\/comments?post=916"}],"version-history":[{"count":0,"href":"https:\/\/webs.uab.cat\/observatoriconvivenciaicivisme\/wp-json\/wp\/v2\/posts\/916\/revisions"}],"wp:attachment":[{"href":"https:\/\/webs.uab.cat\/observatoriconvivenciaicivisme\/wp-json\/wp\/v2\/media?parent=916"}],"wp:term":[{"taxonomy":"category","embeddable":true,"href":"https:\/\/webs.uab.cat\/observatoriconvivenciaicivisme\/wp-json\/wp\/v2\/categories?post=916"},{"taxonomy":"post_tag","embeddable":true,"href":"https:\/\/webs.uab.cat\/observatoriconvivenciaicivisme\/wp-json\/wp\/v2\/tags?post=916"}],"curies":[{"name":"wp","href":"https:\/\/api.w.org\/{rel}","templated":true}]}}