{"id":942,"date":"2021-09-09T16:42:50","date_gmt":"2021-09-09T16:42:50","guid":{"rendered":"https:\/\/blogs.uab.cat\/observatoriconvivenciaicivisme\/?p=942"},"modified":"2021-09-09T16:42:50","modified_gmt":"2021-09-09T16:42:50","slug":"lap-7-sense-control-laixecament-de-peatges-sembla-guiat-per-la-imprevisio-i-generar-un-augment-de-conductes-inciviques","status":"publish","type":"post","link":"https:\/\/webs.uab.cat\/observatoriconvivenciaicivisme\/2021\/09\/09\/lap-7-sense-control-laixecament-de-peatges-sembla-guiat-per-la-imprevisio-i-generar-un-augment-de-conductes-inciviques\/","title":{"rendered":"L&#8217;AP-7 sense control.  L&#8217;aixecament de peatges sembla guiat per la imprevisi\u00f3 i generar un augment de conductes inc\u00edviques"},"content":{"rendered":"<p><a href=\"https:\/\/www.ara.cat\/comarquesgironines\/control-ap-7-barreres_130_4109231.html\">https:\/\/www.ara.cat\/comarquesgironines\/control-ap-7-barreres_130_4109231.html<\/a><\/p>\n<p>Parlo amb diversos conductors habituals de l\u2019AP-7 i em confirmen que han detectat un increment de conductes inc\u00edviques. No queda clar si aquest fenomen es deu a l\u2019augment de tr\u00e0nsit o al fet que conductors que buscaven la m\u00e0xima economia en els seus despla\u00e7aments ara s\u2019han passat a les autopistes. No sembla que hi hagi cap control policial extraordinari (diria que ni ordinari) per vigilar qu\u00e8 passa durant aquests primers dies de llibertat de circulaci\u00f3. Puc corroborar que en un trajecte d\u2019anada i tornada de Girona a l\u2019aeroport del Prat, un dissabte a la tarda, un nombre inusual de vehicles circulen a velocitats su\u00efcides. Utilitzo a consci\u00e8ncia el mot\u00a0<em>su\u00efcida<\/em>, tot i saber que es reserva per als cotxes que circulen en sentit contrari, perqu\u00e8 al llarg del trajecte em trobo gaireb\u00e9 una desena de cotxes que freguen els 200 quil\u00f2metres per hora. Un parell semblen protagonitzar una fren\u00e8tica cursa, surfejant pels carrils a cops de cl\u00e0xon i fent llums a la resta de vehicles perqu\u00e8 s\u2019apartin, com si tot plegat fos un videojoc. L\u2019ensurt que reben els conductors que veuen passar rabent aquests vehicles a frec del seu els posa la por al cos i potser els fica al cap la idea de tornar per la N-II. Els m\u00e9s malfiats ja aventuren que potser la idea \u00e9s deixar degradar l\u2019AP-7 a tota velocitat per justificar aviat una nova f\u00f3rmula de pagament.<\/p>\n","protected":false},"excerpt":{"rendered":"<p>https:\/\/www.ara.cat\/comarquesgironines\/control-ap-7-barreres_130_4109231.html Parlo amb diversos conductors habituals de l\u2019AP-7 i em confirmen que han detectat un increment de conductes inc\u00edviques. No queda clar si aquest fenomen es deu a l\u2019augment de tr\u00e0nsit o al fet que conductors que buscaven la m\u00e0xima economia en els seus despla\u00e7aments ara s\u2019han passat a les autopistes. No sembla que hi [&hellip;]<\/p>\n","protected":false},"author":1630,"featured_media":0,"comment_status":"open","ping_status":"open","sticky":false,"template":"","format":"standard","meta":{"footnotes":""},"categories":[4],"tags":[9,11],"class_list":["post-942","post","type-post","status-publish","format-standard","hentry","category-espai-public-i-drets-fonamentals","tag-civisme","tag-convivencia"],"_links":{"self":[{"href":"https:\/\/webs.uab.cat\/observatoriconvivenciaicivisme\/wp-json\/wp\/v2\/posts\/942","targetHints":{"allow":["GET"]}}],"collection":[{"href":"https:\/\/webs.uab.cat\/observatoriconvivenciaicivisme\/wp-json\/wp\/v2\/posts"}],"about":[{"href":"https:\/\/webs.uab.cat\/observatoriconvivenciaicivisme\/wp-json\/wp\/v2\/types\/post"}],"author":[{"embeddable":true,"href":"https:\/\/webs.uab.cat\/observatoriconvivenciaicivisme\/wp-json\/wp\/v2\/users\/1630"}],"replies":[{"embeddable":true,"href":"https:\/\/webs.uab.cat\/observatoriconvivenciaicivisme\/wp-json\/wp\/v2\/comments?post=942"}],"version-history":[{"count":0,"href":"https:\/\/webs.uab.cat\/observatoriconvivenciaicivisme\/wp-json\/wp\/v2\/posts\/942\/revisions"}],"wp:attachment":[{"href":"https:\/\/webs.uab.cat\/observatoriconvivenciaicivisme\/wp-json\/wp\/v2\/media?parent=942"}],"wp:term":[{"taxonomy":"category","embeddable":true,"href":"https:\/\/webs.uab.cat\/observatoriconvivenciaicivisme\/wp-json\/wp\/v2\/categories?post=942"},{"taxonomy":"post_tag","embeddable":true,"href":"https:\/\/webs.uab.cat\/observatoriconvivenciaicivisme\/wp-json\/wp\/v2\/tags?post=942"}],"curies":[{"name":"wp","href":"https:\/\/api.w.org\/{rel}","templated":true}]}}