{"id":947,"date":"2021-09-19T18:30:27","date_gmt":"2021-09-19T18:30:27","guid":{"rendered":"https:\/\/blogs.uab.cat\/observatoriconvivenciaicivisme\/?p=947"},"modified":"2021-09-19T18:30:27","modified_gmt":"2021-09-19T18:30:27","slug":"barcelona-reduira-les-terrasses-ampliades-a-les-voreres","status":"publish","type":"post","link":"https:\/\/webs.uab.cat\/observatoriconvivenciaicivisme\/2021\/09\/19\/barcelona-reduira-les-terrasses-ampliades-a-les-voreres\/","title":{"rendered":"Barcelona reduir\u00e0 les terrasses ampliades a les voreres"},"content":{"rendered":"<p><a href=\"https:\/\/webs.uab.cat\/observatoriconvivenciaicivisme\/wp-content\/uploads\/sites\/290\/2021\/09\/002C46VY.pdf\">002C46VY<\/a><\/p>\n<p>Una nova guerra de les terrasses plana sobre Barcelona. L\u2019Ajuntament reduir\u00e0 bona part dels vetlladors que va permetre ampliar durant la pand\u00e8mia. Parlem principalment d\u2019aquells que<br \/>\nesvan disposar demaneraextraordin\u00e0ria sobre les voreres, a<br \/>\ntants carrers i places de la ciutat.<br \/>\nCentenars de taules i de cadires \u2013el nombre encara \u00e9s una inc\u00f2gnita\u2013 tenen un horitz\u00f3 molt t\u00e8rbol.<br \/>\nA fi de pal\u00b7liar els efectes econ\u00f2mics del virus sobre un sector<br \/>\nclau d\u2019aquesta ciutat, el Consistori va atorgar l\u2019any passat 3.668<br \/>\nnoves llic\u00e8ncies de terrasses.<br \/>\nD\u2019aquestes llic\u00e8ncies, 1.588 es van ubicar en xamfrans, carrils<br \/>\nde circulaci\u00f3, cordons d\u2019aparcament&#8230; L\u2019objectiu del govern de<br \/>\nl\u2019alcaldessa Ada Colau \u00e9s consolidar definitivament sobretot<br \/>\naquelles taules i cadires que de\u00a0 manera provisional va autoritzar<br \/>\ninstal\u00b7lar all\u00e0, a les cal\u00e7ades, a l\u2019asfalt (en realitat totes aquelles<br \/>\nque en certa manera estan arrabassant espai al vehicle privat).<br \/>\nLa comissi\u00f3 municipal d\u2019Urbanismeva aprovar ahir demanera<br \/>\ninicial la modificaci\u00f3 de l\u2019ordenan\u00e7a de terrasses destinada a<br \/>\nfer-ho possible. La resta de noves taules i cadires, les instal\u00b7lades a les voreres, s\u2019hauran de regular per les normes que regien<br \/>\nabans que es declar\u00e9s la pand\u00e8mia. Aix\u00f2 implicar\u00e0, per exemple, que totes s\u2019hauran d\u2019agrupar davant la fa\u00e7ana del local, i no dispersar-se alegrement al llarg de les voreres, tal com passa durant la pand\u00e8mia.<\/p>\n","protected":false},"excerpt":{"rendered":"<p>002C46VY Una nova guerra de les terrasses plana sobre Barcelona. L\u2019Ajuntament reduir\u00e0 bona part dels vetlladors que va permetre ampliar durant la pand\u00e8mia. Parlem principalment d\u2019aquells que esvan disposar demaneraextraordin\u00e0ria sobre les voreres, a tants carrers i places de la ciutat. Centenars de taules i de cadires \u2013el nombre encara \u00e9s una inc\u00f2gnita\u2013 tenen un [&hellip;]<\/p>\n","protected":false},"author":1630,"featured_media":0,"comment_status":"open","ping_status":"open","sticky":false,"template":"","format":"standard","meta":{"footnotes":""},"categories":[4],"tags":[9,11,14,18],"class_list":["post-947","post","type-post","status-publish","format-standard","hentry","category-espai-public-i-drets-fonamentals","tag-civisme","tag-convivencia","tag-espai-public","tag-urbanisme-tactic"],"_links":{"self":[{"href":"https:\/\/webs.uab.cat\/observatoriconvivenciaicivisme\/wp-json\/wp\/v2\/posts\/947","targetHints":{"allow":["GET"]}}],"collection":[{"href":"https:\/\/webs.uab.cat\/observatoriconvivenciaicivisme\/wp-json\/wp\/v2\/posts"}],"about":[{"href":"https:\/\/webs.uab.cat\/observatoriconvivenciaicivisme\/wp-json\/wp\/v2\/types\/post"}],"author":[{"embeddable":true,"href":"https:\/\/webs.uab.cat\/observatoriconvivenciaicivisme\/wp-json\/wp\/v2\/users\/1630"}],"replies":[{"embeddable":true,"href":"https:\/\/webs.uab.cat\/observatoriconvivenciaicivisme\/wp-json\/wp\/v2\/comments?post=947"}],"version-history":[{"count":0,"href":"https:\/\/webs.uab.cat\/observatoriconvivenciaicivisme\/wp-json\/wp\/v2\/posts\/947\/revisions"}],"wp:attachment":[{"href":"https:\/\/webs.uab.cat\/observatoriconvivenciaicivisme\/wp-json\/wp\/v2\/media?parent=947"}],"wp:term":[{"taxonomy":"category","embeddable":true,"href":"https:\/\/webs.uab.cat\/observatoriconvivenciaicivisme\/wp-json\/wp\/v2\/categories?post=947"},{"taxonomy":"post_tag","embeddable":true,"href":"https:\/\/webs.uab.cat\/observatoriconvivenciaicivisme\/wp-json\/wp\/v2\/tags?post=947"}],"curies":[{"name":"wp","href":"https:\/\/api.w.org\/{rel}","templated":true}]}}