{"id":969,"date":"2021-10-04T09:59:38","date_gmt":"2021-10-04T09:59:38","guid":{"rendered":"https:\/\/blogs.uab.cat\/observatoriconvivenciaicivisme\/?p=969"},"modified":"2021-10-04T09:59:38","modified_gmt":"2021-10-04T09:59:38","slug":"nova-llei-tambe-per-als-patinets","status":"publish","type":"post","link":"https:\/\/webs.uab.cat\/observatoriconvivenciaicivisme\/2021\/10\/04\/nova-llei-tambe-per-als-patinets\/","title":{"rendered":"Nova llei, tamb\u00e9 per als patinets"},"content":{"rendered":"<p><a href=\"https:\/\/webs.uab.cat\/observatoriconvivenciaicivisme\/wp-content\/uploads\/sites\/290\/2021\/10\/002CBBE8.pdf\">002CBBE8<\/a><\/p>\n<p style=\"text-align: left\">La llei sobre Tr\u00e0nsit, Circulaci\u00f3 de Vehicles de Motor i Seguretat ha premut l\u2019accelerador i encara la recta final perqu\u00e8 sigui<br \/>\naprovada. El text ref\u00f3s \u2013impulsat pel Govern de Pedro<br \/>\nS\u00e1nchez\u2013 va ser aprovat dijous per la Comissi\u00f3 d\u2019Interior del<br \/>\nCongr\u00e9s, amb compet\u00e8ncia legislativa plena, i ara es dirigeix<br \/>\nal Senat. S\u2019esperava que a la Cambra Alta fos aprovat sense<br \/>\nmodificacions perqu\u00e8 reb\u00e9s la llum verda definitiva, per\u00f2 l\u2019error d\u2019un diputat durant la votaci\u00f3 ha fet que s\u2019exclogui de la nova norma una de les mesures estrella i m\u00e9s pol\u00e8miques: l\u2019eliminaci\u00f3 del marge de 20 quil\u00f2metres per hora addicionals per avan\u00e7ar a les carreteres convencionals.<\/p>\n<p>&nbsp;<\/p>\n","protected":false},"excerpt":{"rendered":"<p>002CBBE8 La llei sobre Tr\u00e0nsit, Circulaci\u00f3 de Vehicles de Motor i Seguretat ha premut l\u2019accelerador i encara la recta final perqu\u00e8 sigui aprovada. El text ref\u00f3s \u2013impulsat pel Govern de Pedro S\u00e1nchez\u2013 va ser aprovat dijous per la Comissi\u00f3 d\u2019Interior del Congr\u00e9s, amb compet\u00e8ncia legislativa plena, i ara es dirigeix al Senat. S\u2019esperava que a [&hellip;]<\/p>\n","protected":false},"author":1630,"featured_media":0,"comment_status":"open","ping_status":"open","sticky":false,"template":"","format":"standard","meta":{"footnotes":""},"categories":[1],"tags":[9,11],"class_list":["post-969","post","type-post","status-publish","format-standard","hentry","category-general","tag-civisme","tag-convivencia"],"_links":{"self":[{"href":"https:\/\/webs.uab.cat\/observatoriconvivenciaicivisme\/wp-json\/wp\/v2\/posts\/969","targetHints":{"allow":["GET"]}}],"collection":[{"href":"https:\/\/webs.uab.cat\/observatoriconvivenciaicivisme\/wp-json\/wp\/v2\/posts"}],"about":[{"href":"https:\/\/webs.uab.cat\/observatoriconvivenciaicivisme\/wp-json\/wp\/v2\/types\/post"}],"author":[{"embeddable":true,"href":"https:\/\/webs.uab.cat\/observatoriconvivenciaicivisme\/wp-json\/wp\/v2\/users\/1630"}],"replies":[{"embeddable":true,"href":"https:\/\/webs.uab.cat\/observatoriconvivenciaicivisme\/wp-json\/wp\/v2\/comments?post=969"}],"version-history":[{"count":0,"href":"https:\/\/webs.uab.cat\/observatoriconvivenciaicivisme\/wp-json\/wp\/v2\/posts\/969\/revisions"}],"wp:attachment":[{"href":"https:\/\/webs.uab.cat\/observatoriconvivenciaicivisme\/wp-json\/wp\/v2\/media?parent=969"}],"wp:term":[{"taxonomy":"category","embeddable":true,"href":"https:\/\/webs.uab.cat\/observatoriconvivenciaicivisme\/wp-json\/wp\/v2\/categories?post=969"},{"taxonomy":"post_tag","embeddable":true,"href":"https:\/\/webs.uab.cat\/observatoriconvivenciaicivisme\/wp-json\/wp\/v2\/tags?post=969"}],"curies":[{"name":"wp","href":"https:\/\/api.w.org\/{rel}","templated":true}]}}