{"id":216,"date":"2022-10-14T12:33:00","date_gmt":"2022-10-14T10:33:00","guid":{"rendered":"https:\/\/webs.uab.cat\/oficinasakura\/?p=216"},"modified":"2024-04-11T14:16:37","modified_gmt":"2024-04-11T12:16:37","slug":"inauguracio","status":"publish","type":"post","link":"https:\/\/webs.uab.cat\/oficinasakura\/2022\/10\/14\/inauguracio\/","title":{"rendered":"Inauguraci\u00f3"},"content":{"rendered":"<div class=\"wp-block-post-date\"><time datetime=\"2022-10-14T12:33:00+02:00\">14 d&#8217;octubre de 2022<\/time><\/div>\n\n\n<p>La UAB ha inaugurat avui l&#8217;Oficina d&#8217;Estudis Japonesos, un centre l&#8217;objectiu del qual \u00e9s promoure l&#8217;estudi i la recerca de la llengua i la cultura japoneses al nostre pa\u00eds, amb el reconeixement de la Japan Foundation, una instituci\u00f3 adscrita en el govern del Jap\u00f3. La UAB \u2014la universitat amb m\u00e9s estudiants de japon\u00e8s de l&#8217;Estat i la primera a acollir els ex\u00e0mens oficials de llengua japonesa\u2014 \u00e9s la primera universitat d&#8217;Espanya amb una oficina Sakura Network d&#8217;estudis japonesos.<\/p>\n\n\n\n<p>Amb motiu de la inauguraci\u00f3, tamb\u00e9 s&#8217;ha celebrat un concert del shamisen a c\u00e0rrec del Sr. Hibiki Ichikawa, un esdeveniment coorganitzat pel Consolat General del Jap\u00f3 a Barcelona.<\/p>\n\n\n\n<figure class=\"wp-block-image size-large\"><img loading=\"lazy\" decoding=\"async\" width=\"1024\" height=\"1024\" src=\"https:\/\/webs.uab.cat\/oficinasakura\/wp-content\/uploads\/sites\/543\/2024\/04\/311761089_2446211468863987_6307638980499015740_n-1024x1024.jpg\" alt=\"\" class=\"wp-image-218\" srcset=\"https:\/\/webs.uab.cat\/oficinasakura\/wp-content\/uploads\/sites\/543\/2024\/04\/311761089_2446211468863987_6307638980499015740_n-1024x1024.jpg 1024w, https:\/\/webs.uab.cat\/oficinasakura\/wp-content\/uploads\/sites\/543\/2024\/04\/311761089_2446211468863987_6307638980499015740_n-300x300.jpg 300w, https:\/\/webs.uab.cat\/oficinasakura\/wp-content\/uploads\/sites\/543\/2024\/04\/311761089_2446211468863987_6307638980499015740_n-150x150.jpg 150w, https:\/\/webs.uab.cat\/oficinasakura\/wp-content\/uploads\/sites\/543\/2024\/04\/311761089_2446211468863987_6307638980499015740_n-768x768.jpg 768w, https:\/\/webs.uab.cat\/oficinasakura\/wp-content\/uploads\/sites\/543\/2024\/04\/311761089_2446211468863987_6307638980499015740_n.jpg 1080w\" sizes=\"auto, (max-width: 1024px) 100vw, 1024px\" \/><\/figure>\n","protected":false},"excerpt":{"rendered":"<p>La UAB ha inaugurat avui l&#8217;Oficina d&#8217;Estudis Japonesos, un centre l&#8217;objectiu del qual \u00e9s promoure l&#8217;estudi i la recerca de la llengua i la cultura japoneses al nostre pa\u00eds, amb el reconeixement de la Japan Foundation, una instituci\u00f3 adscrita en el govern del Jap\u00f3. La UAB \u2014la universitat amb m\u00e9s estudiants de japon\u00e8s de l&#8217;Estat [&hellip;]<\/p>\n","protected":false},"author":2856,"featured_media":0,"comment_status":"closed","ping_status":"closed","sticky":false,"template":"","format":"standard","meta":{"footnotes":""},"categories":[14],"tags":[],"class_list":["post-216","post","type-post","status-publish","format-standard","hentry","category-arxiu"],"_links":{"self":[{"href":"https:\/\/webs.uab.cat\/oficinasakura\/wp-json\/wp\/v2\/posts\/216","targetHints":{"allow":["GET"]}}],"collection":[{"href":"https:\/\/webs.uab.cat\/oficinasakura\/wp-json\/wp\/v2\/posts"}],"about":[{"href":"https:\/\/webs.uab.cat\/oficinasakura\/wp-json\/wp\/v2\/types\/post"}],"author":[{"embeddable":true,"href":"https:\/\/webs.uab.cat\/oficinasakura\/wp-json\/wp\/v2\/users\/2856"}],"replies":[{"embeddable":true,"href":"https:\/\/webs.uab.cat\/oficinasakura\/wp-json\/wp\/v2\/comments?post=216"}],"version-history":[{"count":3,"href":"https:\/\/webs.uab.cat\/oficinasakura\/wp-json\/wp\/v2\/posts\/216\/revisions"}],"predecessor-version":[{"id":231,"href":"https:\/\/webs.uab.cat\/oficinasakura\/wp-json\/wp\/v2\/posts\/216\/revisions\/231"}],"wp:attachment":[{"href":"https:\/\/webs.uab.cat\/oficinasakura\/wp-json\/wp\/v2\/media?parent=216"}],"wp:term":[{"taxonomy":"category","embeddable":true,"href":"https:\/\/webs.uab.cat\/oficinasakura\/wp-json\/wp\/v2\/categories?post=216"},{"taxonomy":"post_tag","embeddable":true,"href":"https:\/\/webs.uab.cat\/oficinasakura\/wp-json\/wp\/v2\/tags?post=216"}],"curies":[{"name":"wp","href":"https:\/\/api.w.org\/{rel}","templated":true}]}}