{"id":234,"date":"2023-03-15T13:25:00","date_gmt":"2023-03-15T11:25:00","guid":{"rendered":"https:\/\/webs.uab.cat\/oficinasakura\/?p=234"},"modified":"2024-04-11T14:27:24","modified_gmt":"2024-04-11T12:27:24","slug":"jornada-cultural-asiatica-2023","status":"publish","type":"post","link":"https:\/\/webs.uab.cat\/oficinasakura\/2023\/03\/15\/jornada-cultural-asiatica-2023\/","title":{"rendered":"Jornada Cultural Asi\u00e0tica (2023)"},"content":{"rendered":"\n<p class=\"wp-block-paragraph\">El 15 de mar\u00e7 de 2023, la Pla\u00e7a C\u00edvica de la Universitat Aut\u00f2noma de Barcelona (UAB) va ser l&#8217;escenari d&#8217;una emocionant Jornada Cultural Asi\u00e0tica, organitzada per l&#8217;Oficina de Comprom\u00eds i Comunitat de la UAB en col\u00b7laboraci\u00f3 amb CERAO. Entre les activitats destacades es trobaven dos tallers fascinants: \u00abQuimono Experience\u00bb i \u00abEscriure el teu nom en japon\u00e8s\u00bb. <\/p>\n\n\n\n<p class=\"wp-block-paragraph\">Aquests tallers van oferir als participants l&#8217;oportunitat de submergir-se en la rica cultura japonesa, explorant tant la vestimenta tradicional com l&#8217;escriptura dels seus noms en japon\u00e8s. Va ser una experi\u00e8ncia enriquidora que va permetre als assistents no sols aprendre sobre la cultura asi\u00e0tica, sin\u00f3 tamb\u00e9 participar activament en ella, fomentant la comprensi\u00f3 intercultural i l&#8217;intercanvi de coneixements al campus universitari.<\/p>\n\n\n\n<figure class=\"wp-block-image size-large\"><img loading=\"lazy\" decoding=\"async\" width=\"1024\" height=\"768\" src=\"https:\/\/webs.uab.cat\/oficinasakura\/wp-content\/uploads\/sites\/543\/2024\/04\/IMG_0362-1024x768.jpg\" alt=\"\" class=\"wp-image-235\" srcset=\"https:\/\/webs.uab.cat\/oficinasakura\/wp-content\/uploads\/sites\/543\/2024\/04\/IMG_0362-1024x768.jpg 1024w, https:\/\/webs.uab.cat\/oficinasakura\/wp-content\/uploads\/sites\/543\/2024\/04\/IMG_0362-300x225.jpg 300w, https:\/\/webs.uab.cat\/oficinasakura\/wp-content\/uploads\/sites\/543\/2024\/04\/IMG_0362-768x576.jpg 768w, https:\/\/webs.uab.cat\/oficinasakura\/wp-content\/uploads\/sites\/543\/2024\/04\/IMG_0362-1536x1152.jpg 1536w, https:\/\/webs.uab.cat\/oficinasakura\/wp-content\/uploads\/sites\/543\/2024\/04\/IMG_0362-2048x1536.jpg 2048w, https:\/\/webs.uab.cat\/oficinasakura\/wp-content\/uploads\/sites\/543\/2024\/04\/IMG_0362-1200x900.jpg 1200w, https:\/\/webs.uab.cat\/oficinasakura\/wp-content\/uploads\/sites\/543\/2024\/04\/IMG_0362-1980x1485.jpg 1980w\" sizes=\"auto, (max-width: 1024px) 100vw, 1024px\" \/><\/figure>\n","protected":false},"excerpt":{"rendered":"<p>El 15 de mar\u00e7 de 2023, la Pla\u00e7a C\u00edvica de la Universitat Aut\u00f2noma de Barcelona (UAB) va ser l&#8217;escenari d&#8217;una emocionant Jornada Cultural Asi\u00e0tica, organitzada per l&#8217;Oficina de Comprom\u00eds i Comunitat de la UAB en col\u00b7laboraci\u00f3 amb CERAO. Entre les activitats destacades es trobaven dos tallers fascinants: \u00abQuimono Experience\u00bb i \u00abEscriure el teu nom en [&hellip;]<\/p>\n","protected":false},"author":2856,"featured_media":0,"comment_status":"closed","ping_status":"closed","sticky":false,"template":"","format":"standard","meta":{"footnotes":""},"categories":[14],"tags":[],"class_list":["post-234","post","type-post","status-publish","format-standard","hentry","category-arxiu"],"_links":{"self":[{"href":"https:\/\/webs.uab.cat\/oficinasakura\/wp-json\/wp\/v2\/posts\/234","targetHints":{"allow":["GET"]}}],"collection":[{"href":"https:\/\/webs.uab.cat\/oficinasakura\/wp-json\/wp\/v2\/posts"}],"about":[{"href":"https:\/\/webs.uab.cat\/oficinasakura\/wp-json\/wp\/v2\/types\/post"}],"author":[{"embeddable":true,"href":"https:\/\/webs.uab.cat\/oficinasakura\/wp-json\/wp\/v2\/users\/2856"}],"replies":[{"embeddable":true,"href":"https:\/\/webs.uab.cat\/oficinasakura\/wp-json\/wp\/v2\/comments?post=234"}],"version-history":[{"count":1,"href":"https:\/\/webs.uab.cat\/oficinasakura\/wp-json\/wp\/v2\/posts\/234\/revisions"}],"predecessor-version":[{"id":237,"href":"https:\/\/webs.uab.cat\/oficinasakura\/wp-json\/wp\/v2\/posts\/234\/revisions\/237"}],"wp:attachment":[{"href":"https:\/\/webs.uab.cat\/oficinasakura\/wp-json\/wp\/v2\/media?parent=234"}],"wp:term":[{"taxonomy":"category","embeddable":true,"href":"https:\/\/webs.uab.cat\/oficinasakura\/wp-json\/wp\/v2\/categories?post=234"},{"taxonomy":"post_tag","embeddable":true,"href":"https:\/\/webs.uab.cat\/oficinasakura\/wp-json\/wp\/v2\/tags?post=234"}],"curies":[{"name":"wp","href":"https:\/\/api.w.org\/{rel}","templated":true}]}}