{"id":239,"date":"2023-03-20T13:50:00","date_gmt":"2023-03-20T11:50:00","guid":{"rendered":"https:\/\/webs.uab.cat\/oficinasakura\/?p=239"},"modified":"2024-04-11T14:37:33","modified_gmt":"2024-04-11T12:37:33","slug":"xerrada-informativa-taula-rodona-sobre-les-beques-fundacio-japo","status":"publish","type":"post","link":"https:\/\/webs.uab.cat\/oficinasakura\/2023\/03\/20\/xerrada-informativa-taula-rodona-sobre-les-beques-fundacio-japo\/","title":{"rendered":"Xerrada informativa: Taula rodona sobre les beques Fundaci\u00f3 Jap\u00f3"},"content":{"rendered":"\n<p class=\"wp-block-paragraph\">El dia 20 de Mar\u00e7 va tenir lloc una taula rodona sobre les beques Fundaci\u00f3 Jap\u00f3, en la qual van participar la Dra. Alba Serra, el Dr. Mario Malo i la Dra. Alba Torrents. Els participants ens van comentar les seves experi\u00e8ncies i consells a tots els interessats a investigar o millorar les seves habilitats en japon\u00e8s per a enriquir la seva carrera professional.<\/p>\n\n\n\n<figure class=\"wp-block-image size-large\"><img loading=\"lazy\" decoding=\"async\" width=\"1024\" height=\"768\" src=\"https:\/\/webs.uab.cat\/oficinasakura\/wp-content\/uploads\/sites\/543\/2024\/04\/336816845_875523306874546_2775685295233864970_n-1024x768.jpg\" alt=\"\" class=\"wp-image-245\" srcset=\"https:\/\/webs.uab.cat\/oficinasakura\/wp-content\/uploads\/sites\/543\/2024\/04\/336816845_875523306874546_2775685295233864970_n-1024x768.jpg 1024w, https:\/\/webs.uab.cat\/oficinasakura\/wp-content\/uploads\/sites\/543\/2024\/04\/336816845_875523306874546_2775685295233864970_n-300x225.jpg 300w, https:\/\/webs.uab.cat\/oficinasakura\/wp-content\/uploads\/sites\/543\/2024\/04\/336816845_875523306874546_2775685295233864970_n-768x576.jpg 768w, https:\/\/webs.uab.cat\/oficinasakura\/wp-content\/uploads\/sites\/543\/2024\/04\/336816845_875523306874546_2775685295233864970_n-1200x900.jpg 1200w, https:\/\/webs.uab.cat\/oficinasakura\/wp-content\/uploads\/sites\/543\/2024\/04\/336816845_875523306874546_2775685295233864970_n.jpg 1440w\" sizes=\"auto, (max-width: 1024px) 100vw, 1024px\" \/><\/figure>\n\n\n\n<figure class=\"wp-block-image size-large\"><img loading=\"lazy\" decoding=\"async\" width=\"1024\" height=\"768\" src=\"https:\/\/webs.uab.cat\/oficinasakura\/wp-content\/uploads\/sites\/543\/2024\/04\/337139846_3151069045191946_3555033109045464495_n-1024x768.jpg\" alt=\"\" class=\"wp-image-243\" srcset=\"https:\/\/webs.uab.cat\/oficinasakura\/wp-content\/uploads\/sites\/543\/2024\/04\/337139846_3151069045191946_3555033109045464495_n-1024x768.jpg 1024w, https:\/\/webs.uab.cat\/oficinasakura\/wp-content\/uploads\/sites\/543\/2024\/04\/337139846_3151069045191946_3555033109045464495_n-300x225.jpg 300w, https:\/\/webs.uab.cat\/oficinasakura\/wp-content\/uploads\/sites\/543\/2024\/04\/337139846_3151069045191946_3555033109045464495_n-768x576.jpg 768w, https:\/\/webs.uab.cat\/oficinasakura\/wp-content\/uploads\/sites\/543\/2024\/04\/337139846_3151069045191946_3555033109045464495_n-1200x900.jpg 1200w, https:\/\/webs.uab.cat\/oficinasakura\/wp-content\/uploads\/sites\/543\/2024\/04\/337139846_3151069045191946_3555033109045464495_n.jpg 1440w\" sizes=\"auto, (max-width: 1024px) 100vw, 1024px\" \/><\/figure>\n","protected":false},"excerpt":{"rendered":"<p>El dia 20 de Mar\u00e7 va tenir lloc una taula rodona sobre les beques Fundaci\u00f3 Jap\u00f3, en la qual van participar la Dra. Alba Serra, el Dr. Mario Malo i la Dra. Alba Torrents. Els participants ens van comentar les seves experi\u00e8ncies i consells a tots els interessats a investigar o millorar les seves habilitats [&hellip;]<\/p>\n","protected":false},"author":2856,"featured_media":0,"comment_status":"closed","ping_status":"closed","sticky":false,"template":"","format":"standard","meta":{"footnotes":""},"categories":[14],"tags":[],"class_list":["post-239","post","type-post","status-publish","format-standard","hentry","category-arxiu"],"_links":{"self":[{"href":"https:\/\/webs.uab.cat\/oficinasakura\/wp-json\/wp\/v2\/posts\/239","targetHints":{"allow":["GET"]}}],"collection":[{"href":"https:\/\/webs.uab.cat\/oficinasakura\/wp-json\/wp\/v2\/posts"}],"about":[{"href":"https:\/\/webs.uab.cat\/oficinasakura\/wp-json\/wp\/v2\/types\/post"}],"author":[{"embeddable":true,"href":"https:\/\/webs.uab.cat\/oficinasakura\/wp-json\/wp\/v2\/users\/2856"}],"replies":[{"embeddable":true,"href":"https:\/\/webs.uab.cat\/oficinasakura\/wp-json\/wp\/v2\/comments?post=239"}],"version-history":[{"count":2,"href":"https:\/\/webs.uab.cat\/oficinasakura\/wp-json\/wp\/v2\/posts\/239\/revisions"}],"predecessor-version":[{"id":248,"href":"https:\/\/webs.uab.cat\/oficinasakura\/wp-json\/wp\/v2\/posts\/239\/revisions\/248"}],"wp:attachment":[{"href":"https:\/\/webs.uab.cat\/oficinasakura\/wp-json\/wp\/v2\/media?parent=239"}],"wp:term":[{"taxonomy":"category","embeddable":true,"href":"https:\/\/webs.uab.cat\/oficinasakura\/wp-json\/wp\/v2\/categories?post=239"},{"taxonomy":"post_tag","embeddable":true,"href":"https:\/\/webs.uab.cat\/oficinasakura\/wp-json\/wp\/v2\/tags?post=239"}],"curies":[{"name":"wp","href":"https:\/\/api.w.org\/{rel}","templated":true}]}}