{"id":83,"date":"2015-05-19T12:49:16","date_gmt":"2015-05-19T10:49:16","guid":{"rendered":"https:\/\/webs.uab.cat\/oic\/2015\/05\/19\/grup-localcom-0\/"},"modified":"2015-05-19T12:49:16","modified_gmt":"2015-05-19T10:49:16","slug":"grup-localcom-0","status":"publish","type":"post","link":"https:\/\/webs.uab.cat\/oic\/2015\/05\/19\/grup-localcom-0\/","title":{"rendered":"GRUP LOCALCOM"},"content":{"rendered":"<p>&nbsp;<img loading=\"lazy\" decoding=\"async\" alt=\"\" height=\"177\" src=\"http:\/\/centresderecerca.uab.cat\/oic\/sites\/centresderecerca.uab.cat.oic\/files\/images\/Localcom_grup_recerca_0.png\" style=\"float:left\" title=\"\" width=\"208\" \/>El Grup de Recerca LOCALCOM est\u00e0 reconegut per la <a href=\"http:\/\/portalrecerca.csuc.cat\/cris\/ou\/ou42512\">Generalitat de Catalunya com a Grup Consolidat<\/a> (2014SGR0252) i per la Universitat Aut\u00f2noma de Barcelona com a Grup de Recerca de Qualitat (GIC-2607), per la seva traject\u00f2ria cient\u00edfica i acad\u00e8mica. LOCALCOM forma part de l&#8217;estrat\u00e8gia de l&#8217;Observatori Iberoameric\u00e0 de la Comunicaci\u00f3 per a la transfer\u00e8ncia de coneixements a trav\u00e9s de les seves xarxes de col\u00b7laboraci\u00f3 i amb projecci\u00f3 cap a altres grups afins als seus \u00e0mbits d&#8217;estudi.&nbsp;<\/p>\n<p>&nbsp;<\/p>\n<p>&nbsp;<\/p>\n<p>Els \u00e0mbits tem\u00e0tics dels que s&#8217;ocupa s\u00f3n quatre:<\/p>\n<ol>\n<li>Societat de la Informaci\u00f3, tecnologia i globalitzaci\u00f3<\/li>\n<li>Pol\u00edtiques de comunicaci\u00f3, regulaci\u00f3 i sistemes medi\u00e0tics<\/li>\n<li>Audiovisual, integraci\u00f3 regional i diversitat cultural<\/li>\n<li>Ind\u00fastries Creatives i Culturals (ICC), continguts i din\u00e0miques socials.<\/li>\n<\/ol>\n<p>El grup ha consolidat la seva traject\u00f2ria des de l&#8217;any 2000 amb la pres\u00e8ncia continuada en congressos, la publicaci\u00f3 d&#8217;articles i llibres, i amb el desenvolupament de projectes d&#8217;investigaci\u00f3 sobre els \u00e0mbits tem\u00e0tics esmentats (<a href=\"http:\/\/centresderecerca.uab.cat\/oic\/content\/tic-comunidades-autonomas\">SEC 2003\/07024<\/a>, <a href=\"http:\/\/centresderecerca.uab.cat\/oic\/content\/politicas-publicas-sociedad-informacion-presentacion\">CSO2008\/00587<\/a>, <a href=\"http:\/\/centresderecerca.uab.cat\/oic\/content\/resumen-0\">CF181137<\/a> y&nbsp;<a href=\"http:\/\/centresderecerca.uab.cat\/oic\/content\/industrias-culturales-creativas-presentacion\">CSO2013-42822R<\/a>).<\/p>\n<p>&nbsp;<\/p>\n","protected":false},"excerpt":{"rendered":"<p>&nbsp;El Grup de Recerca LOCALCOM est\u00e0 reconegut per la Generalitat de Catalunya com a Grup Consolidat (2014SGR0252) i per la Universitat Aut\u00f2noma de Barcelona com a Grup de Recerca de Qualitat (GIC-2607), per la seva traject\u00f2ria cient\u00edfica i acad\u00e8mica. LOCALCOM forma part de l&#8217;estrat\u00e8gia de l&#8217;Observatori Iberoameric\u00e0 de la Comunicaci\u00f3 per a la transfer\u00e8ncia de [&hellip;]<\/p>\n","protected":false},"author":20,"featured_media":77,"comment_status":"closed","ping_status":"closed","sticky":false,"template":"","format":"standard","meta":{"footnotes":""},"categories":[2],"tags":[],"class_list":["post-83","post","type-post","status-publish","format-standard","has-post-thumbnail","hentry","category-uncategorized-ca"],"_links":{"self":[{"href":"https:\/\/webs.uab.cat\/oic\/wp-json\/wp\/v2\/posts\/83","targetHints":{"allow":["GET"]}}],"collection":[{"href":"https:\/\/webs.uab.cat\/oic\/wp-json\/wp\/v2\/posts"}],"about":[{"href":"https:\/\/webs.uab.cat\/oic\/wp-json\/wp\/v2\/types\/post"}],"author":[{"embeddable":true,"href":"https:\/\/webs.uab.cat\/oic\/wp-json\/wp\/v2\/users\/20"}],"replies":[{"embeddable":true,"href":"https:\/\/webs.uab.cat\/oic\/wp-json\/wp\/v2\/comments?post=83"}],"version-history":[{"count":0,"href":"https:\/\/webs.uab.cat\/oic\/wp-json\/wp\/v2\/posts\/83\/revisions"}],"wp:featuredmedia":[{"embeddable":true,"href":"https:\/\/webs.uab.cat\/oic\/wp-json\/wp\/v2\/media\/77"}],"wp:attachment":[{"href":"https:\/\/webs.uab.cat\/oic\/wp-json\/wp\/v2\/media?parent=83"}],"wp:term":[{"taxonomy":"category","embeddable":true,"href":"https:\/\/webs.uab.cat\/oic\/wp-json\/wp\/v2\/categories?post=83"},{"taxonomy":"post_tag","embeddable":true,"href":"https:\/\/webs.uab.cat\/oic\/wp-json\/wp\/v2\/tags?post=83"}],"curies":[{"name":"wp","href":"https:\/\/api.w.org\/{rel}","templated":true}]}}