{"id":3919,"date":"2024-10-03T13:10:58","date_gmt":"2024-10-03T11:10:58","guid":{"rendered":"https:\/\/webs.uab.cat\/openlabs\/?p=3919"},"modified":"2024-10-03T13:10:59","modified_gmt":"2024-10-03T11:10:59","slug":"objectiu-zoom","status":"publish","type":"post","link":"https:\/\/webs.uab.cat\/openlabs\/2024\/10\/03\/objectiu-zoom\/","title":{"rendered":"Objectiu Zoom"},"content":{"rendered":"\n<p>Canon EF-S 15-85\/3,5-5,6 IS USM<\/p>\n\n\n\n<p>Un objectiu vers\u00e0til i llumin\u00f3s, ideal per la fotografia i v\u00eddeo. Tamb\u00e9 es pot utilitzar per la fotogrametria, tot i que paer aquesta t\u00e8cnica de creaci\u00f3 de models 3D va millor un objectiu de llargada fixa.<\/p>\n","protected":false},"excerpt":{"rendered":"<p>Canon EF-S 15-85\/3,5-5,6 IS USM Un objectiu vers\u00e0til i llumin\u00f3s, ideal per la fotografia i v\u00eddeo. Tamb\u00e9 es pot utilitzar per la fotogrametria, tot i que paer aquesta t\u00e8cnica de creaci\u00f3 de models 3D va millor un objectiu de llargada fixa.<\/p>\n","protected":false},"author":2595,"featured_media":3916,"comment_status":"closed","ping_status":"closed","sticky":false,"template":"","format":"standard","meta":{"footnotes":""},"categories":[155,89],"tags":[63],"class_list":["post-3919","post","type-post","status-publish","format-standard","has-post-thumbnail","hentry","category-ediglab","category-equipament","tag-fotografia"],"yoast_head":"<!-- This site is optimized with the Yoast SEO plugin v26.8 - https:\/\/yoast.com\/product\/yoast-seo-wordpress\/ -->\n<title>Objectiu Zoom - Laboratoris d&#039;innovaci\u00f3 Oberta<\/title>\n<meta name=\"description\" content=\"Objectiu per la fotografia i v\u00eddeo.\" \/>\n<meta name=\"robots\" content=\"index, follow, max-snippet:-1, max-image-preview:large, max-video-preview:-1\" \/>\n<link rel=\"canonical\" href=\"https:\/\/webs.uab.cat\/openlabs\/2024\/10\/03\/objectiu-zoom\/\" \/>\n<meta property=\"og:locale\" content=\"ca_ES\" \/>\n<meta property=\"og:type\" content=\"article\" \/>\n<meta property=\"og:title\" content=\"Objectiu Zoom - Laboratoris d&#039;innovaci\u00f3 Oberta\" \/>\n<meta property=\"og:description\" content=\"Objectiu per la fotografia i v\u00eddeo.\" \/>\n<meta property=\"og:url\" content=\"https:\/\/webs.uab.cat\/openlabs\/2024\/10\/03\/objectiu-zoom\/\" \/>\n<meta property=\"og:site_name\" content=\"Laboratoris d&#039;innovaci\u00f3 Oberta\" \/>\n<meta property=\"article:published_time\" content=\"2024-10-03T11:10:58+00:00\" \/>\n<meta property=\"article:modified_time\" content=\"2024-10-03T11:10:59+00:00\" \/>\n<meta property=\"og:image\" content=\"https:\/\/webs.uab.cat\/openlabs\/wp-content\/uploads\/sites\/582\/2024\/10\/CANON_ef-s_15-85mm_f3-5-5-6_is_usm_1.jpg\" \/>\n\t<meta property=\"og:image:width\" content=\"800\" \/>\n\t<meta property=\"og:image:height\" content=\"800\" \/>\n\t<meta property=\"og:image:type\" content=\"image\/jpeg\" \/>\n<meta name=\"author\" content=\"2091786\" \/>\n<meta name=\"twitter:card\" content=\"summary_large_image\" \/>\n<meta name=\"twitter:label1\" content=\"Escrit per\" \/>\n\t<meta name=\"twitter:data1\" content=\"2091786\" \/>\n\t<meta name=\"twitter:label2\" content=\"Temps estimat de lectura\" \/>\n\t<meta name=\"twitter:data2\" content=\"1 minut\" \/>\n<script type=\"application\/ld+json\" class=\"yoast-schema-graph\">{\"@context\":\"https:\/\/schema.org\",\"@graph\":[{\"@type\":\"Article\",\"@id\":\"https:\/\/webs.uab.cat\/openlabs\/2024\/10\/03\/objectiu-zoom\/#article\",\"isPartOf\":{\"@id\":\"https:\/\/webs.uab.cat\/openlabs\/2024\/10\/03\/objectiu-zoom\/\"},\"author\":{\"name\":\"2091786\",\"@id\":\"https:\/\/webs.uab.cat\/openlabs\/#\/schema\/person\/41662116de5ea4b120b2f8e671e8a895\"},\"headline\":\"Objectiu Zoom\",\"datePublished\":\"2024-10-03T11:10:58+00:00\",\"dateModified\":\"2024-10-03T11:10:59+00:00\",\"mainEntityOfPage\":{\"@id\":\"https:\/\/webs.uab.cat\/openlabs\/2024\/10\/03\/objectiu-zoom\/\"},\"wordCount\":48,\"image\":{\"@id\":\"https:\/\/webs.uab.cat\/openlabs\/2024\/10\/03\/objectiu-zoom\/#primaryimage\"},\"thumbnailUrl\":\"https:\/\/webs.uab.cat\/openlabs\/wp-content\/uploads\/sites\/582\/2024\/10\/CANON_ef-s_15-85mm_f3-5-5-6_is_usm_1.jpg\",\"keywords\":[\"Fotografia\"],\"articleSection\":[\"Digital Lab\",\"Equipament\"],\"inLanguage\":\"ca\"},{\"@type\":\"WebPage\",\"@id\":\"https:\/\/webs.uab.cat\/openlabs\/2024\/10\/03\/objectiu-zoom\/\",\"url\":\"https:\/\/webs.uab.cat\/openlabs\/2024\/10\/03\/objectiu-zoom\/\",\"name\":\"Objectiu Zoom - Laboratoris d&#039;innovaci\u00f3 Oberta\",\"isPartOf\":{\"@id\":\"https:\/\/webs.uab.cat\/openlabs\/#website\"},\"primaryImageOfPage\":{\"@id\":\"https:\/\/webs.uab.cat\/openlabs\/2024\/10\/03\/objectiu-zoom\/#primaryimage\"},\"image\":{\"@id\":\"https:\/\/webs.uab.cat\/openlabs\/2024\/10\/03\/objectiu-zoom\/#primaryimage\"},\"thumbnailUrl\":\"https:\/\/webs.uab.cat\/openlabs\/wp-content\/uploads\/sites\/582\/2024\/10\/CANON_ef-s_15-85mm_f3-5-5-6_is_usm_1.jpg\",\"datePublished\":\"2024-10-03T11:10:58+00:00\",\"dateModified\":\"2024-10-03T11:10:59+00:00\",\"author\":{\"@id\":\"https:\/\/webs.uab.cat\/openlabs\/#\/schema\/person\/41662116de5ea4b120b2f8e671e8a895\"},\"description\":\"Objectiu per la fotografia i v\u00eddeo.\",\"breadcrumb\":{\"@id\":\"https:\/\/webs.uab.cat\/openlabs\/2024\/10\/03\/objectiu-zoom\/#breadcrumb\"},\"inLanguage\":\"ca\",\"potentialAction\":[{\"@type\":\"ReadAction\",\"target\":[\"https:\/\/webs.uab.cat\/openlabs\/2024\/10\/03\/objectiu-zoom\/\"]}]},{\"@type\":\"ImageObject\",\"inLanguage\":\"ca\",\"@id\":\"https:\/\/webs.uab.cat\/openlabs\/2024\/10\/03\/objectiu-zoom\/#primaryimage\",\"url\":\"https:\/\/webs.uab.cat\/openlabs\/wp-content\/uploads\/sites\/582\/2024\/10\/CANON_ef-s_15-85mm_f3-5-5-6_is_usm_1.jpg\",\"contentUrl\":\"https:\/\/webs.uab.cat\/openlabs\/wp-content\/uploads\/sites\/582\/2024\/10\/CANON_ef-s_15-85mm_f3-5-5-6_is_usm_1.jpg\",\"width\":800,\"height\":800},{\"@type\":\"BreadcrumbList\",\"@id\":\"https:\/\/webs.uab.cat\/openlabs\/2024\/10\/03\/objectiu-zoom\/#breadcrumb\",\"itemListElement\":[{\"@type\":\"ListItem\",\"position\":1,\"name\":\"Inici\",\"item\":\"https:\/\/webs.uab.cat\/openlabs\/\"},{\"@type\":\"ListItem\",\"position\":2,\"name\":\"Objectiu Zoom\"}]},{\"@type\":\"WebSite\",\"@id\":\"https:\/\/webs.uab.cat\/openlabs\/#website\",\"url\":\"https:\/\/webs.uab.cat\/openlabs\/\",\"name\":\"Laboratoris d&#039;innovaci\u00f3 Oberta\",\"description\":\"UAB Open Labs - espai obert per les ments obertes\",\"potentialAction\":[{\"@type\":\"SearchAction\",\"target\":{\"@type\":\"EntryPoint\",\"urlTemplate\":\"https:\/\/webs.uab.cat\/openlabs\/?s={search_term_string}\"},\"query-input\":{\"@type\":\"PropertyValueSpecification\",\"valueRequired\":true,\"valueName\":\"search_term_string\"}}],\"inLanguage\":\"ca\"},{\"@type\":\"Person\",\"@id\":\"https:\/\/webs.uab.cat\/openlabs\/#\/schema\/person\/41662116de5ea4b120b2f8e671e8a895\",\"name\":\"2091786\",\"image\":{\"@type\":\"ImageObject\",\"inLanguage\":\"ca\",\"@id\":\"https:\/\/webs.uab.cat\/openlabs\/#\/schema\/person\/image\/\",\"url\":\"https:\/\/secure.gravatar.com\/avatar\/48e6b7bdb871d05656c3aa50aff7162d373e72b4908356d5a970d4e411e74f6d?s=96&d=mm&r=g\",\"contentUrl\":\"https:\/\/secure.gravatar.com\/avatar\/48e6b7bdb871d05656c3aa50aff7162d373e72b4908356d5a970d4e411e74f6d?s=96&d=mm&r=g\",\"caption\":\"2091786\"},\"url\":\"https:\/\/webs.uab.cat\/openlabs\/author\/2091786\/\"}]}<\/script>\n<!-- \/ Yoast SEO plugin. -->","yoast_head_json":{"title":"Objectiu Zoom - Laboratoris d&#039;innovaci\u00f3 Oberta","description":"Objectiu per la fotografia i v\u00eddeo.","robots":{"index":"index","follow":"follow","max-snippet":"max-snippet:-1","max-image-preview":"max-image-preview:large","max-video-preview":"max-video-preview:-1"},"canonical":"https:\/\/webs.uab.cat\/openlabs\/2024\/10\/03\/objectiu-zoom\/","og_locale":"ca_ES","og_type":"article","og_title":"Objectiu Zoom - Laboratoris d&#039;innovaci\u00f3 Oberta","og_description":"Objectiu per la fotografia i v\u00eddeo.","og_url":"https:\/\/webs.uab.cat\/openlabs\/2024\/10\/03\/objectiu-zoom\/","og_site_name":"Laboratoris d&#039;innovaci\u00f3 Oberta","article_published_time":"2024-10-03T11:10:58+00:00","article_modified_time":"2024-10-03T11:10:59+00:00","og_image":[{"width":800,"height":800,"url":"https:\/\/webs.uab.cat\/openlabs\/wp-content\/uploads\/sites\/582\/2024\/10\/CANON_ef-s_15-85mm_f3-5-5-6_is_usm_1.jpg","type":"image\/jpeg"}],"author":"2091786","twitter_card":"summary_large_image","twitter_misc":{"Escrit per":"2091786","Temps estimat de lectura":"1 minut"},"schema":{"@context":"https:\/\/schema.org","@graph":[{"@type":"Article","@id":"https:\/\/webs.uab.cat\/openlabs\/2024\/10\/03\/objectiu-zoom\/#article","isPartOf":{"@id":"https:\/\/webs.uab.cat\/openlabs\/2024\/10\/03\/objectiu-zoom\/"},"author":{"name":"2091786","@id":"https:\/\/webs.uab.cat\/openlabs\/#\/schema\/person\/41662116de5ea4b120b2f8e671e8a895"},"headline":"Objectiu Zoom","datePublished":"2024-10-03T11:10:58+00:00","dateModified":"2024-10-03T11:10:59+00:00","mainEntityOfPage":{"@id":"https:\/\/webs.uab.cat\/openlabs\/2024\/10\/03\/objectiu-zoom\/"},"wordCount":48,"image":{"@id":"https:\/\/webs.uab.cat\/openlabs\/2024\/10\/03\/objectiu-zoom\/#primaryimage"},"thumbnailUrl":"https:\/\/webs.uab.cat\/openlabs\/wp-content\/uploads\/sites\/582\/2024\/10\/CANON_ef-s_15-85mm_f3-5-5-6_is_usm_1.jpg","keywords":["Fotografia"],"articleSection":["Digital Lab","Equipament"],"inLanguage":"ca"},{"@type":"WebPage","@id":"https:\/\/webs.uab.cat\/openlabs\/2024\/10\/03\/objectiu-zoom\/","url":"https:\/\/webs.uab.cat\/openlabs\/2024\/10\/03\/objectiu-zoom\/","name":"Objectiu Zoom - Laboratoris d&#039;innovaci\u00f3 Oberta","isPartOf":{"@id":"https:\/\/webs.uab.cat\/openlabs\/#website"},"primaryImageOfPage":{"@id":"https:\/\/webs.uab.cat\/openlabs\/2024\/10\/03\/objectiu-zoom\/#primaryimage"},"image":{"@id":"https:\/\/webs.uab.cat\/openlabs\/2024\/10\/03\/objectiu-zoom\/#primaryimage"},"thumbnailUrl":"https:\/\/webs.uab.cat\/openlabs\/wp-content\/uploads\/sites\/582\/2024\/10\/CANON_ef-s_15-85mm_f3-5-5-6_is_usm_1.jpg","datePublished":"2024-10-03T11:10:58+00:00","dateModified":"2024-10-03T11:10:59+00:00","author":{"@id":"https:\/\/webs.uab.cat\/openlabs\/#\/schema\/person\/41662116de5ea4b120b2f8e671e8a895"},"description":"Objectiu per la fotografia i v\u00eddeo.","breadcrumb":{"@id":"https:\/\/webs.uab.cat\/openlabs\/2024\/10\/03\/objectiu-zoom\/#breadcrumb"},"inLanguage":"ca","potentialAction":[{"@type":"ReadAction","target":["https:\/\/webs.uab.cat\/openlabs\/2024\/10\/03\/objectiu-zoom\/"]}]},{"@type":"ImageObject","inLanguage":"ca","@id":"https:\/\/webs.uab.cat\/openlabs\/2024\/10\/03\/objectiu-zoom\/#primaryimage","url":"https:\/\/webs.uab.cat\/openlabs\/wp-content\/uploads\/sites\/582\/2024\/10\/CANON_ef-s_15-85mm_f3-5-5-6_is_usm_1.jpg","contentUrl":"https:\/\/webs.uab.cat\/openlabs\/wp-content\/uploads\/sites\/582\/2024\/10\/CANON_ef-s_15-85mm_f3-5-5-6_is_usm_1.jpg","width":800,"height":800},{"@type":"BreadcrumbList","@id":"https:\/\/webs.uab.cat\/openlabs\/2024\/10\/03\/objectiu-zoom\/#breadcrumb","itemListElement":[{"@type":"ListItem","position":1,"name":"Inici","item":"https:\/\/webs.uab.cat\/openlabs\/"},{"@type":"ListItem","position":2,"name":"Objectiu Zoom"}]},{"@type":"WebSite","@id":"https:\/\/webs.uab.cat\/openlabs\/#website","url":"https:\/\/webs.uab.cat\/openlabs\/","name":"Laboratoris d&#039;innovaci\u00f3 Oberta","description":"UAB Open Labs - espai obert per les ments obertes","potentialAction":[{"@type":"SearchAction","target":{"@type":"EntryPoint","urlTemplate":"https:\/\/webs.uab.cat\/openlabs\/?s={search_term_string}"},"query-input":{"@type":"PropertyValueSpecification","valueRequired":true,"valueName":"search_term_string"}}],"inLanguage":"ca"},{"@type":"Person","@id":"https:\/\/webs.uab.cat\/openlabs\/#\/schema\/person\/41662116de5ea4b120b2f8e671e8a895","name":"2091786","image":{"@type":"ImageObject","inLanguage":"ca","@id":"https:\/\/webs.uab.cat\/openlabs\/#\/schema\/person\/image\/","url":"https:\/\/secure.gravatar.com\/avatar\/48e6b7bdb871d05656c3aa50aff7162d373e72b4908356d5a970d4e411e74f6d?s=96&d=mm&r=g","contentUrl":"https:\/\/secure.gravatar.com\/avatar\/48e6b7bdb871d05656c3aa50aff7162d373e72b4908356d5a970d4e411e74f6d?s=96&d=mm&r=g","caption":"2091786"},"url":"https:\/\/webs.uab.cat\/openlabs\/author\/2091786\/"}]}},"_links":{"self":[{"href":"https:\/\/webs.uab.cat\/openlabs\/wp-json\/wp\/v2\/posts\/3919","targetHints":{"allow":["GET"]}}],"collection":[{"href":"https:\/\/webs.uab.cat\/openlabs\/wp-json\/wp\/v2\/posts"}],"about":[{"href":"https:\/\/webs.uab.cat\/openlabs\/wp-json\/wp\/v2\/types\/post"}],"author":[{"embeddable":true,"href":"https:\/\/webs.uab.cat\/openlabs\/wp-json\/wp\/v2\/users\/2595"}],"replies":[{"embeddable":true,"href":"https:\/\/webs.uab.cat\/openlabs\/wp-json\/wp\/v2\/comments?post=3919"}],"version-history":[{"count":1,"href":"https:\/\/webs.uab.cat\/openlabs\/wp-json\/wp\/v2\/posts\/3919\/revisions"}],"predecessor-version":[{"id":3920,"href":"https:\/\/webs.uab.cat\/openlabs\/wp-json\/wp\/v2\/posts\/3919\/revisions\/3920"}],"wp:featuredmedia":[{"embeddable":true,"href":"https:\/\/webs.uab.cat\/openlabs\/wp-json\/wp\/v2\/media\/3916"}],"wp:attachment":[{"href":"https:\/\/webs.uab.cat\/openlabs\/wp-json\/wp\/v2\/media?parent=3919"}],"wp:term":[{"taxonomy":"category","embeddable":true,"href":"https:\/\/webs.uab.cat\/openlabs\/wp-json\/wp\/v2\/categories?post=3919"},{"taxonomy":"post_tag","embeddable":true,"href":"https:\/\/webs.uab.cat\/openlabs\/wp-json\/wp\/v2\/tags?post=3919"}],"curies":[{"name":"wp","href":"https:\/\/api.w.org\/{rel}","templated":true}]}}