{"id":4892,"date":"2025-05-26T12:00:32","date_gmt":"2025-05-26T10:00:32","guid":{"rendered":"https:\/\/webs.uab.cat\/openlabs\/?p=4892"},"modified":"2025-09-30T13:26:20","modified_gmt":"2025-09-30T11:26:20","slug":"jornada-comunitat-realitat-virtual","status":"publish","type":"post","link":"https:\/\/webs.uab.cat\/openlabs\/2025\/05\/26\/jornada-comunitat-realitat-virtual\/","title":{"rendered":"Inscriu-te a Jornada Comunitat Realitat Virtual"},"content":{"rendered":"\n<h2 class=\"wp-block-heading\">2a Jornada Comunitat Realitat Virtual, Inscripci\u00f3<\/h2>\n\n\n\n<p>Els membres de la Comunitat de Realitat Virtual de la UAB treballem per <strong>avan\u00e7ar i compartir l&#8217;\u00fas de la Realitat Virtual<\/strong> en els \u00e0mbits de la recerca, la divulgaci\u00f3 i l&#8217;educaci\u00f3 universit\u00e0ria.<\/p>\n\n\n\n<p>Enguany, ens complau anunciar la celebraci\u00f3 de la nostra jornada anual el proper <strong>divendres, 19 de setembre<\/strong> <strong>2025<\/strong>, de 9:30 a 13:30 h, a la Sala de Revistes d&#8217;Humanitats. Aquesta jornada ser\u00e0 el punt de trobada per a tothom qui vulgui <strong>con\u00e8ixer les darreres novetats<\/strong> i <strong>impulsar la Realitat Virtual<\/strong> a la nostra universitat.<\/p>\n\n\n\n<p>Una part significativa de la Jornada estar\u00e0 dedicada als <strong>vostres projectes<\/strong>. Per aix\u00f2, et convidem a presentar les teves iniciatives a la Comunitat en un format breu i din\u00e0mic.<\/p>\n\n\n\n<hr class=\"wp-block-separator has-alpha-channel-opacity\" \/>\n\n\n\n<p><\/p>\n","protected":false},"excerpt":{"rendered":"<p>2a Jornada Comunitat Realitat Virtual, Inscripci\u00f3 Els membres de la Comunitat de Realitat Virtual de la UAB treballem per avan\u00e7ar i compartir l&#8217;\u00fas de la Realitat Virtual en els \u00e0mbits de la recerca, la divulgaci\u00f3 i l&#8217;educaci\u00f3 universit\u00e0ria. Enguany, ens complau anunciar la celebraci\u00f3 de la nostra jornada anual el proper divendres, 19 de setembre [&hellip;]<\/p>\n","protected":false},"author":2932,"featured_media":4955,"comment_status":"closed","ping_status":"closed","sticky":false,"template":"","format":"standard","meta":{"footnotes":""},"categories":[153,215],"tags":[217,216],"class_list":["post-4892","post","type-post","status-publish","format-standard","has-post-thumbnail","hentry","category-actualitat","category-inscripcio","tag-jornades","tag-rv-2"],"yoast_head":"<!-- This site is optimized with the Yoast SEO plugin v26.8 - https:\/\/yoast.com\/product\/yoast-seo-wordpress\/ -->\n<title>Inscriu-te a Jornada Comunitat Realitat Virtual - Laboratoris d&#039;innovaci\u00f3 Oberta<\/title>\n<meta name=\"robots\" content=\"index, follow, max-snippet:-1, max-image-preview:large, max-video-preview:-1\" \/>\n<link rel=\"canonical\" href=\"https:\/\/webs.uab.cat\/openlabs\/2025\/05\/26\/jornada-comunitat-realitat-virtual\/\" \/>\n<meta property=\"og:locale\" content=\"ca_ES\" \/>\n<meta property=\"og:type\" content=\"article\" \/>\n<meta property=\"og:title\" content=\"Inscriu-te a Jornada Comunitat Realitat Virtual - Laboratoris d&#039;innovaci\u00f3 Oberta\" \/>\n<meta property=\"og:description\" content=\"2a Jornada Comunitat Realitat Virtual, Inscripci\u00f3 Els membres de la Comunitat de Realitat Virtual de la UAB treballem per avan\u00e7ar i compartir l&#8217;\u00fas de la Realitat Virtual en els \u00e0mbits de la recerca, la divulgaci\u00f3 i l&#8217;educaci\u00f3 universit\u00e0ria. Enguany, ens complau anunciar la celebraci\u00f3 de la nostra jornada anual el proper divendres, 19 de setembre [&hellip;]\" \/>\n<meta property=\"og:url\" content=\"https:\/\/webs.uab.cat\/openlabs\/2025\/05\/26\/jornada-comunitat-realitat-virtual\/\" \/>\n<meta property=\"og:site_name\" content=\"Laboratoris d&#039;innovaci\u00f3 Oberta\" \/>\n<meta property=\"article:published_time\" content=\"2025-05-26T10:00:32+00:00\" \/>\n<meta property=\"article:modified_time\" content=\"2025-09-30T11:26:20+00:00\" \/>\n<meta property=\"og:image\" content=\"https:\/\/webs.uab.cat\/openlabs\/wp-content\/uploads\/sites\/582\/2025\/05\/HMD-antic.jpg\" \/>\n\t<meta property=\"og:image:width\" content=\"1280\" \/>\n\t<meta property=\"og:image:height\" content=\"720\" \/>\n\t<meta property=\"og:image:type\" content=\"image\/jpeg\" \/>\n<meta name=\"author\" content=\"2050668\" \/>\n<meta name=\"twitter:card\" content=\"summary_large_image\" \/>\n<meta name=\"twitter:label1\" content=\"Escrit per\" \/>\n\t<meta name=\"twitter:data1\" content=\"2050668\" \/>\n\t<meta name=\"twitter:label2\" content=\"Temps estimat de lectura\" \/>\n\t<meta name=\"twitter:data2\" content=\"1 minut\" \/>\n<script type=\"application\/ld+json\" class=\"yoast-schema-graph\">{\"@context\":\"https:\/\/schema.org\",\"@graph\":[{\"@type\":\"Article\",\"@id\":\"https:\/\/webs.uab.cat\/openlabs\/2025\/05\/26\/jornada-comunitat-realitat-virtual\/#article\",\"isPartOf\":{\"@id\":\"https:\/\/webs.uab.cat\/openlabs\/2025\/05\/26\/jornada-comunitat-realitat-virtual\/\"},\"author\":{\"name\":\"2050668\",\"@id\":\"https:\/\/webs.uab.cat\/openlabs\/#\/schema\/person\/18914ff7451d69914192d47d2c18f47b\"},\"headline\":\"Inscriu-te a Jornada Comunitat Realitat Virtual\",\"datePublished\":\"2025-05-26T10:00:32+00:00\",\"dateModified\":\"2025-09-30T11:26:20+00:00\",\"mainEntityOfPage\":{\"@id\":\"https:\/\/webs.uab.cat\/openlabs\/2025\/05\/26\/jornada-comunitat-realitat-virtual\/\"},\"wordCount\":130,\"image\":{\"@id\":\"https:\/\/webs.uab.cat\/openlabs\/2025\/05\/26\/jornada-comunitat-realitat-virtual\/#primaryimage\"},\"thumbnailUrl\":\"https:\/\/webs.uab.cat\/openlabs\/wp-content\/uploads\/sites\/582\/2025\/05\/HMD-antic.jpg\",\"keywords\":[\"jornades\",\"RV\"],\"articleSection\":[\"Actualitat\",\"inscripci\u00f3\"],\"inLanguage\":\"ca\"},{\"@type\":\"WebPage\",\"@id\":\"https:\/\/webs.uab.cat\/openlabs\/2025\/05\/26\/jornada-comunitat-realitat-virtual\/\",\"url\":\"https:\/\/webs.uab.cat\/openlabs\/2025\/05\/26\/jornada-comunitat-realitat-virtual\/\",\"name\":\"Inscriu-te a Jornada Comunitat Realitat Virtual - Laboratoris d&#039;innovaci\u00f3 Oberta\",\"isPartOf\":{\"@id\":\"https:\/\/webs.uab.cat\/openlabs\/#website\"},\"primaryImageOfPage\":{\"@id\":\"https:\/\/webs.uab.cat\/openlabs\/2025\/05\/26\/jornada-comunitat-realitat-virtual\/#primaryimage\"},\"image\":{\"@id\":\"https:\/\/webs.uab.cat\/openlabs\/2025\/05\/26\/jornada-comunitat-realitat-virtual\/#primaryimage\"},\"thumbnailUrl\":\"https:\/\/webs.uab.cat\/openlabs\/wp-content\/uploads\/sites\/582\/2025\/05\/HMD-antic.jpg\",\"datePublished\":\"2025-05-26T10:00:32+00:00\",\"dateModified\":\"2025-09-30T11:26:20+00:00\",\"author\":{\"@id\":\"https:\/\/webs.uab.cat\/openlabs\/#\/schema\/person\/18914ff7451d69914192d47d2c18f47b\"},\"breadcrumb\":{\"@id\":\"https:\/\/webs.uab.cat\/openlabs\/2025\/05\/26\/jornada-comunitat-realitat-virtual\/#breadcrumb\"},\"inLanguage\":\"ca\",\"potentialAction\":[{\"@type\":\"ReadAction\",\"target\":[\"https:\/\/webs.uab.cat\/openlabs\/2025\/05\/26\/jornada-comunitat-realitat-virtual\/\"]}]},{\"@type\":\"ImageObject\",\"inLanguage\":\"ca\",\"@id\":\"https:\/\/webs.uab.cat\/openlabs\/2025\/05\/26\/jornada-comunitat-realitat-virtual\/#primaryimage\",\"url\":\"https:\/\/webs.uab.cat\/openlabs\/wp-content\/uploads\/sites\/582\/2025\/05\/HMD-antic.jpg\",\"contentUrl\":\"https:\/\/webs.uab.cat\/openlabs\/wp-content\/uploads\/sites\/582\/2025\/05\/HMD-antic.jpg\",\"width\":1280,\"height\":720},{\"@type\":\"BreadcrumbList\",\"@id\":\"https:\/\/webs.uab.cat\/openlabs\/2025\/05\/26\/jornada-comunitat-realitat-virtual\/#breadcrumb\",\"itemListElement\":[{\"@type\":\"ListItem\",\"position\":1,\"name\":\"Inici\",\"item\":\"https:\/\/webs.uab.cat\/openlabs\/\"},{\"@type\":\"ListItem\",\"position\":2,\"name\":\"Inscriu-te a Jornada Comunitat Realitat Virtual\"}]},{\"@type\":\"WebSite\",\"@id\":\"https:\/\/webs.uab.cat\/openlabs\/#website\",\"url\":\"https:\/\/webs.uab.cat\/openlabs\/\",\"name\":\"Laboratoris d&#039;innovaci\u00f3 Oberta\",\"description\":\"UAB Open Labs - espai obert per les ments obertes\",\"potentialAction\":[{\"@type\":\"SearchAction\",\"target\":{\"@type\":\"EntryPoint\",\"urlTemplate\":\"https:\/\/webs.uab.cat\/openlabs\/?s={search_term_string}\"},\"query-input\":{\"@type\":\"PropertyValueSpecification\",\"valueRequired\":true,\"valueName\":\"search_term_string\"}}],\"inLanguage\":\"ca\"},{\"@type\":\"Person\",\"@id\":\"https:\/\/webs.uab.cat\/openlabs\/#\/schema\/person\/18914ff7451d69914192d47d2c18f47b\",\"name\":\"2050668\",\"image\":{\"@type\":\"ImageObject\",\"inLanguage\":\"ca\",\"@id\":\"https:\/\/webs.uab.cat\/openlabs\/#\/schema\/person\/image\/\",\"url\":\"https:\/\/secure.gravatar.com\/avatar\/0c4f04f08b4f30f33678493dd3df3c001d82893a7aed5666b356b9999d7f6e8b?s=96&d=mm&r=g\",\"contentUrl\":\"https:\/\/secure.gravatar.com\/avatar\/0c4f04f08b4f30f33678493dd3df3c001d82893a7aed5666b356b9999d7f6e8b?s=96&d=mm&r=g\",\"caption\":\"2050668\"},\"url\":\"https:\/\/webs.uab.cat\/openlabs\/author\/2050668\/\"}]}<\/script>\n<!-- \/ Yoast SEO plugin. -->","yoast_head_json":{"title":"Inscriu-te a Jornada Comunitat Realitat Virtual - Laboratoris d&#039;innovaci\u00f3 Oberta","robots":{"index":"index","follow":"follow","max-snippet":"max-snippet:-1","max-image-preview":"max-image-preview:large","max-video-preview":"max-video-preview:-1"},"canonical":"https:\/\/webs.uab.cat\/openlabs\/2025\/05\/26\/jornada-comunitat-realitat-virtual\/","og_locale":"ca_ES","og_type":"article","og_title":"Inscriu-te a Jornada Comunitat Realitat Virtual - Laboratoris d&#039;innovaci\u00f3 Oberta","og_description":"2a Jornada Comunitat Realitat Virtual, Inscripci\u00f3 Els membres de la Comunitat de Realitat Virtual de la UAB treballem per avan\u00e7ar i compartir l&#8217;\u00fas de la Realitat Virtual en els \u00e0mbits de la recerca, la divulgaci\u00f3 i l&#8217;educaci\u00f3 universit\u00e0ria. Enguany, ens complau anunciar la celebraci\u00f3 de la nostra jornada anual el proper divendres, 19 de setembre [&hellip;]","og_url":"https:\/\/webs.uab.cat\/openlabs\/2025\/05\/26\/jornada-comunitat-realitat-virtual\/","og_site_name":"Laboratoris d&#039;innovaci\u00f3 Oberta","article_published_time":"2025-05-26T10:00:32+00:00","article_modified_time":"2025-09-30T11:26:20+00:00","og_image":[{"width":1280,"height":720,"url":"https:\/\/webs.uab.cat\/openlabs\/wp-content\/uploads\/sites\/582\/2025\/05\/HMD-antic.jpg","type":"image\/jpeg"}],"author":"2050668","twitter_card":"summary_large_image","twitter_misc":{"Escrit per":"2050668","Temps estimat de lectura":"1 minut"},"schema":{"@context":"https:\/\/schema.org","@graph":[{"@type":"Article","@id":"https:\/\/webs.uab.cat\/openlabs\/2025\/05\/26\/jornada-comunitat-realitat-virtual\/#article","isPartOf":{"@id":"https:\/\/webs.uab.cat\/openlabs\/2025\/05\/26\/jornada-comunitat-realitat-virtual\/"},"author":{"name":"2050668","@id":"https:\/\/webs.uab.cat\/openlabs\/#\/schema\/person\/18914ff7451d69914192d47d2c18f47b"},"headline":"Inscriu-te a Jornada Comunitat Realitat Virtual","datePublished":"2025-05-26T10:00:32+00:00","dateModified":"2025-09-30T11:26:20+00:00","mainEntityOfPage":{"@id":"https:\/\/webs.uab.cat\/openlabs\/2025\/05\/26\/jornada-comunitat-realitat-virtual\/"},"wordCount":130,"image":{"@id":"https:\/\/webs.uab.cat\/openlabs\/2025\/05\/26\/jornada-comunitat-realitat-virtual\/#primaryimage"},"thumbnailUrl":"https:\/\/webs.uab.cat\/openlabs\/wp-content\/uploads\/sites\/582\/2025\/05\/HMD-antic.jpg","keywords":["jornades","RV"],"articleSection":["Actualitat","inscripci\u00f3"],"inLanguage":"ca"},{"@type":"WebPage","@id":"https:\/\/webs.uab.cat\/openlabs\/2025\/05\/26\/jornada-comunitat-realitat-virtual\/","url":"https:\/\/webs.uab.cat\/openlabs\/2025\/05\/26\/jornada-comunitat-realitat-virtual\/","name":"Inscriu-te a Jornada Comunitat Realitat Virtual - Laboratoris d&#039;innovaci\u00f3 Oberta","isPartOf":{"@id":"https:\/\/webs.uab.cat\/openlabs\/#website"},"primaryImageOfPage":{"@id":"https:\/\/webs.uab.cat\/openlabs\/2025\/05\/26\/jornada-comunitat-realitat-virtual\/#primaryimage"},"image":{"@id":"https:\/\/webs.uab.cat\/openlabs\/2025\/05\/26\/jornada-comunitat-realitat-virtual\/#primaryimage"},"thumbnailUrl":"https:\/\/webs.uab.cat\/openlabs\/wp-content\/uploads\/sites\/582\/2025\/05\/HMD-antic.jpg","datePublished":"2025-05-26T10:00:32+00:00","dateModified":"2025-09-30T11:26:20+00:00","author":{"@id":"https:\/\/webs.uab.cat\/openlabs\/#\/schema\/person\/18914ff7451d69914192d47d2c18f47b"},"breadcrumb":{"@id":"https:\/\/webs.uab.cat\/openlabs\/2025\/05\/26\/jornada-comunitat-realitat-virtual\/#breadcrumb"},"inLanguage":"ca","potentialAction":[{"@type":"ReadAction","target":["https:\/\/webs.uab.cat\/openlabs\/2025\/05\/26\/jornada-comunitat-realitat-virtual\/"]}]},{"@type":"ImageObject","inLanguage":"ca","@id":"https:\/\/webs.uab.cat\/openlabs\/2025\/05\/26\/jornada-comunitat-realitat-virtual\/#primaryimage","url":"https:\/\/webs.uab.cat\/openlabs\/wp-content\/uploads\/sites\/582\/2025\/05\/HMD-antic.jpg","contentUrl":"https:\/\/webs.uab.cat\/openlabs\/wp-content\/uploads\/sites\/582\/2025\/05\/HMD-antic.jpg","width":1280,"height":720},{"@type":"BreadcrumbList","@id":"https:\/\/webs.uab.cat\/openlabs\/2025\/05\/26\/jornada-comunitat-realitat-virtual\/#breadcrumb","itemListElement":[{"@type":"ListItem","position":1,"name":"Inici","item":"https:\/\/webs.uab.cat\/openlabs\/"},{"@type":"ListItem","position":2,"name":"Inscriu-te a Jornada Comunitat Realitat Virtual"}]},{"@type":"WebSite","@id":"https:\/\/webs.uab.cat\/openlabs\/#website","url":"https:\/\/webs.uab.cat\/openlabs\/","name":"Laboratoris d&#039;innovaci\u00f3 Oberta","description":"UAB Open Labs - espai obert per les ments obertes","potentialAction":[{"@type":"SearchAction","target":{"@type":"EntryPoint","urlTemplate":"https:\/\/webs.uab.cat\/openlabs\/?s={search_term_string}"},"query-input":{"@type":"PropertyValueSpecification","valueRequired":true,"valueName":"search_term_string"}}],"inLanguage":"ca"},{"@type":"Person","@id":"https:\/\/webs.uab.cat\/openlabs\/#\/schema\/person\/18914ff7451d69914192d47d2c18f47b","name":"2050668","image":{"@type":"ImageObject","inLanguage":"ca","@id":"https:\/\/webs.uab.cat\/openlabs\/#\/schema\/person\/image\/","url":"https:\/\/secure.gravatar.com\/avatar\/0c4f04f08b4f30f33678493dd3df3c001d82893a7aed5666b356b9999d7f6e8b?s=96&d=mm&r=g","contentUrl":"https:\/\/secure.gravatar.com\/avatar\/0c4f04f08b4f30f33678493dd3df3c001d82893a7aed5666b356b9999d7f6e8b?s=96&d=mm&r=g","caption":"2050668"},"url":"https:\/\/webs.uab.cat\/openlabs\/author\/2050668\/"}]}},"_links":{"self":[{"href":"https:\/\/webs.uab.cat\/openlabs\/wp-json\/wp\/v2\/posts\/4892","targetHints":{"allow":["GET"]}}],"collection":[{"href":"https:\/\/webs.uab.cat\/openlabs\/wp-json\/wp\/v2\/posts"}],"about":[{"href":"https:\/\/webs.uab.cat\/openlabs\/wp-json\/wp\/v2\/types\/post"}],"author":[{"embeddable":true,"href":"https:\/\/webs.uab.cat\/openlabs\/wp-json\/wp\/v2\/users\/2932"}],"replies":[{"embeddable":true,"href":"https:\/\/webs.uab.cat\/openlabs\/wp-json\/wp\/v2\/comments?post=4892"}],"version-history":[{"count":8,"href":"https:\/\/webs.uab.cat\/openlabs\/wp-json\/wp\/v2\/posts\/4892\/revisions"}],"predecessor-version":[{"id":5073,"href":"https:\/\/webs.uab.cat\/openlabs\/wp-json\/wp\/v2\/posts\/4892\/revisions\/5073"}],"wp:featuredmedia":[{"embeddable":true,"href":"https:\/\/webs.uab.cat\/openlabs\/wp-json\/wp\/v2\/media\/4955"}],"wp:attachment":[{"href":"https:\/\/webs.uab.cat\/openlabs\/wp-json\/wp\/v2\/media?parent=4892"}],"wp:term":[{"taxonomy":"category","embeddable":true,"href":"https:\/\/webs.uab.cat\/openlabs\/wp-json\/wp\/v2\/categories?post=4892"},{"taxonomy":"post_tag","embeddable":true,"href":"https:\/\/webs.uab.cat\/openlabs\/wp-json\/wp\/v2\/tags?post=4892"}],"curies":[{"name":"wp","href":"https:\/\/api.w.org\/{rel}","templated":true}]}}