{"id":5087,"date":"2025-10-07T16:26:49","date_gmt":"2025-10-07T14:26:49","guid":{"rendered":"https:\/\/webs.uab.cat\/openlabs\/?p=5087"},"modified":"2025-10-21T13:53:32","modified_gmt":"2025-10-21T11:53:32","slug":"evol-i-tunels-de-vent-collaboracio-oberta-per-impulsar-el-disseny-aeronautic","status":"publish","type":"post","link":"https:\/\/webs.uab.cat\/openlabs\/2025\/10\/07\/evol-i-tunels-de-vent-collaboracio-oberta-per-impulsar-el-disseny-aeronautic\/","title":{"rendered":"EVOL i t\u00fanels de vent: col\u00b7laboraci\u00f3 oberta per impulsar el disseny aeron\u00e0utic"},"content":{"rendered":"\n<p>Als <strong>UAB Open Labs<\/strong> fomentem la col\u00b7laboraci\u00f3 i el suport a projectes innovadors d\u2019estudiants i professionals, independentment del centre o universitat d\u2019origen. En aquesta l\u00ednia, hem donat suport a un estudiant d\u2019una altra universitat en el desenvolupament d\u2019una <strong>maqueta d\u2019un EVOL<\/strong> destinada a la realitzaci\u00f3 d\u2019<strong>assajos en t\u00fanel de vent<\/strong>, un projecte que combina enginyeria, recerca i experimentaci\u00f3 aplicada.<\/p>\n\n\n\n<p>Un <strong>EVOL<\/strong> (<em>Electric Vertical Take-Off and Landing<\/em>) \u00e9s un vehicle aeri el\u00e8ctric amb <strong>capacitat d\u2019enlairament i aterratge vertical<\/strong>, una tecnologia emergent amb un gran potencial en el camp de la <strong>mobilitat a\u00e8ria urbana<\/strong>. Aquest tipus d\u2019aeronau combina l\u2019agilitat dels drons amb l\u2019efici\u00e8ncia dels avions convencionals, i es perfila com una de les claus per al transport del futur en entorns urbans.<\/p>\n\n\n\n<p>Per analitzar-ne el comportament aerodin\u00e0mic, el projecte inclou <strong>assajos en t\u00fanel de vent<\/strong>, un m\u00e8tode fonamental que permet sotmetre la maqueta a un flux d\u2019aire controlat per estudiar-ne la resposta en diferents condicions de vol. A trav\u00e9s d\u2019aquestes proves, \u00e9s possible obtenir dades sobre <strong>sustentaci\u00f3, resist\u00e8ncia, estabilitat i efici\u00e8ncia aerodin\u00e0mica<\/strong>, informaci\u00f3 essencial per optimitzar el disseny i millorar les prestacions del vehicle.<\/p>\n\n\n\n<p>Aquest projecte exemplifica com, des dels <strong>UAB Open Labs<\/strong>, promovem l\u2019<strong>aprenentatge pr\u00e0ctic, la recerca i la innovaci\u00f3 tecnol\u00f2gica<\/strong> obrint les nostres instal\u00b7lacions i coneixement a la comunitat educativa i cient\u00edfica.<\/p>\n\n\n\n<h3 class=\"wp-block-heading\">Detalls del projecte<\/h3>\n\n\n\n<figure class=\"wp-block-table is-style-stripes\"><table><tbody><tr><td>Tipus de projecte<\/td><td class=\"has-text-align-left\" data-align=\"left\">Projecte de Recerca<\/td><\/tr><tr><td>Data<\/td><td class=\"has-text-align-left\" data-align=\"left\">09\/2025<\/td><\/tr><tr><td>T\u00e8cniques<\/td><td class=\"has-text-align-left\" data-align=\"left\">Fabricaci\u00f3 digital 3D<\/td><\/tr><tr><td>Responsable(s) del projecte<\/td><td class=\"has-text-align-left\" data-align=\"left\">Marc Ros Espinal i Jaume Suriaca<\/td><\/tr><\/tbody><\/table><\/figure>\n","protected":false},"excerpt":{"rendered":"<p>Als UAB Open Labs fomentem la col\u00b7laboraci\u00f3 i el suport a projectes innovadors d\u2019estudiants i professionals, independentment del centre o universitat d\u2019origen. En aquesta l\u00ednia, hem donat suport a un estudiant d\u2019una altra universitat en el desenvolupament d\u2019una maqueta d\u2019un EVOL destinada a la realitzaci\u00f3 d\u2019assajos en t\u00fanel de vent, un projecte que combina enginyeria, [&hellip;]<\/p>\n","protected":false},"author":2945,"featured_media":5088,"comment_status":"closed","ping_status":"closed","sticky":false,"template":"","format":"standard","meta":{"footnotes":""},"categories":[3],"tags":[104,57,28],"class_list":["post-5087","post","type-post","status-publish","format-standard","has-post-thumbnail","hentry","category-projecte","tag-disseny-lab","tag-enginyeria","tag-impressio-3d"],"yoast_head":"<!-- This site is optimized with the Yoast SEO plugin v26.8 - https:\/\/yoast.com\/product\/yoast-seo-wordpress\/ -->\n<title>EVOL i t\u00fanels de vent: col\u00b7laboraci\u00f3 oberta per impulsar el disseny aeron\u00e0utic - Laboratoris d&#039;innovaci\u00f3 Oberta<\/title>\n<meta name=\"robots\" content=\"index, follow, max-snippet:-1, max-image-preview:large, max-video-preview:-1\" \/>\n<link rel=\"canonical\" href=\"https:\/\/webs.uab.cat\/openlabs\/2025\/10\/07\/evol-i-tunels-de-vent-collaboracio-oberta-per-impulsar-el-disseny-aeronautic\/\" \/>\n<meta property=\"og:locale\" content=\"ca_ES\" \/>\n<meta property=\"og:type\" content=\"article\" \/>\n<meta property=\"og:title\" content=\"EVOL i t\u00fanels de vent: col\u00b7laboraci\u00f3 oberta per impulsar el disseny aeron\u00e0utic - Laboratoris d&#039;innovaci\u00f3 Oberta\" \/>\n<meta property=\"og:description\" content=\"Als UAB Open Labs fomentem la col\u00b7laboraci\u00f3 i el suport a projectes innovadors d\u2019estudiants i professionals, independentment del centre o universitat d\u2019origen. En aquesta l\u00ednia, hem donat suport a un estudiant d\u2019una altra universitat en el desenvolupament d\u2019una maqueta d\u2019un EVOL destinada a la realitzaci\u00f3 d\u2019assajos en t\u00fanel de vent, un projecte que combina enginyeria, [&hellip;]\" \/>\n<meta property=\"og:url\" content=\"https:\/\/webs.uab.cat\/openlabs\/2025\/10\/07\/evol-i-tunels-de-vent-collaboracio-oberta-per-impulsar-el-disseny-aeronautic\/\" \/>\n<meta property=\"og:site_name\" content=\"Laboratoris d&#039;innovaci\u00f3 Oberta\" \/>\n<meta property=\"article:published_time\" content=\"2025-10-07T14:26:49+00:00\" \/>\n<meta property=\"article:modified_time\" content=\"2025-10-21T11:53:32+00:00\" \/>\n<meta property=\"og:image\" content=\"https:\/\/webs.uab.cat\/openlabs\/wp-content\/uploads\/sites\/582\/2025\/10\/Imatge1-e1759846993423.jpg\" \/>\n\t<meta property=\"og:image:width\" content=\"308\" \/>\n\t<meta property=\"og:image:height\" content=\"182\" \/>\n\t<meta property=\"og:image:type\" content=\"image\/jpeg\" \/>\n<meta name=\"author\" content=\"Juan Vicente\" \/>\n<meta name=\"twitter:card\" content=\"summary_large_image\" \/>\n<meta name=\"twitter:label1\" content=\"Escrit per\" \/>\n\t<meta name=\"twitter:data1\" content=\"Juan Vicente\" \/>\n\t<meta name=\"twitter:label2\" content=\"Temps estimat de lectura\" \/>\n\t<meta name=\"twitter:data2\" content=\"2 minuts\" \/>\n<script type=\"application\/ld+json\" class=\"yoast-schema-graph\">{\"@context\":\"https:\/\/schema.org\",\"@graph\":[{\"@type\":\"Article\",\"@id\":\"https:\/\/webs.uab.cat\/openlabs\/2025\/10\/07\/evol-i-tunels-de-vent-collaboracio-oberta-per-impulsar-el-disseny-aeronautic\/#article\",\"isPartOf\":{\"@id\":\"https:\/\/webs.uab.cat\/openlabs\/2025\/10\/07\/evol-i-tunels-de-vent-collaboracio-oberta-per-impulsar-el-disseny-aeronautic\/\"},\"author\":{\"name\":\"Juan Vicente\",\"@id\":\"https:\/\/webs.uab.cat\/openlabs\/#\/schema\/person\/d0e6ceb40199e662b0928f80d859148a\"},\"headline\":\"EVOL i t\u00fanels de vent: col\u00b7laboraci\u00f3 oberta per impulsar el disseny aeron\u00e0utic\",\"datePublished\":\"2025-10-07T14:26:49+00:00\",\"dateModified\":\"2025-10-21T11:53:32+00:00\",\"mainEntityOfPage\":{\"@id\":\"https:\/\/webs.uab.cat\/openlabs\/2025\/10\/07\/evol-i-tunels-de-vent-collaboracio-oberta-per-impulsar-el-disseny-aeronautic\/\"},\"wordCount\":282,\"image\":{\"@id\":\"https:\/\/webs.uab.cat\/openlabs\/2025\/10\/07\/evol-i-tunels-de-vent-collaboracio-oberta-per-impulsar-el-disseny-aeronautic\/#primaryimage\"},\"thumbnailUrl\":\"https:\/\/webs.uab.cat\/openlabs\/wp-content\/uploads\/sites\/582\/2025\/10\/Imatge1-e1759846993423.jpg\",\"keywords\":[\"Disseny LAB\",\"Enginyeria\",\"Impressi\u00f3 3D\"],\"articleSection\":[\"Projecte\"],\"inLanguage\":\"ca\"},{\"@type\":\"WebPage\",\"@id\":\"https:\/\/webs.uab.cat\/openlabs\/2025\/10\/07\/evol-i-tunels-de-vent-collaboracio-oberta-per-impulsar-el-disseny-aeronautic\/\",\"url\":\"https:\/\/webs.uab.cat\/openlabs\/2025\/10\/07\/evol-i-tunels-de-vent-collaboracio-oberta-per-impulsar-el-disseny-aeronautic\/\",\"name\":\"EVOL i t\u00fanels de vent: col\u00b7laboraci\u00f3 oberta per impulsar el disseny aeron\u00e0utic - Laboratoris d&#039;innovaci\u00f3 Oberta\",\"isPartOf\":{\"@id\":\"https:\/\/webs.uab.cat\/openlabs\/#website\"},\"primaryImageOfPage\":{\"@id\":\"https:\/\/webs.uab.cat\/openlabs\/2025\/10\/07\/evol-i-tunels-de-vent-collaboracio-oberta-per-impulsar-el-disseny-aeronautic\/#primaryimage\"},\"image\":{\"@id\":\"https:\/\/webs.uab.cat\/openlabs\/2025\/10\/07\/evol-i-tunels-de-vent-collaboracio-oberta-per-impulsar-el-disseny-aeronautic\/#primaryimage\"},\"thumbnailUrl\":\"https:\/\/webs.uab.cat\/openlabs\/wp-content\/uploads\/sites\/582\/2025\/10\/Imatge1-e1759846993423.jpg\",\"datePublished\":\"2025-10-07T14:26:49+00:00\",\"dateModified\":\"2025-10-21T11:53:32+00:00\",\"author\":{\"@id\":\"https:\/\/webs.uab.cat\/openlabs\/#\/schema\/person\/d0e6ceb40199e662b0928f80d859148a\"},\"breadcrumb\":{\"@id\":\"https:\/\/webs.uab.cat\/openlabs\/2025\/10\/07\/evol-i-tunels-de-vent-collaboracio-oberta-per-impulsar-el-disseny-aeronautic\/#breadcrumb\"},\"inLanguage\":\"ca\",\"potentialAction\":[{\"@type\":\"ReadAction\",\"target\":[\"https:\/\/webs.uab.cat\/openlabs\/2025\/10\/07\/evol-i-tunels-de-vent-collaboracio-oberta-per-impulsar-el-disseny-aeronautic\/\"]}]},{\"@type\":\"ImageObject\",\"inLanguage\":\"ca\",\"@id\":\"https:\/\/webs.uab.cat\/openlabs\/2025\/10\/07\/evol-i-tunels-de-vent-collaboracio-oberta-per-impulsar-el-disseny-aeronautic\/#primaryimage\",\"url\":\"https:\/\/webs.uab.cat\/openlabs\/wp-content\/uploads\/sites\/582\/2025\/10\/Imatge1-e1759846993423.jpg\",\"contentUrl\":\"https:\/\/webs.uab.cat\/openlabs\/wp-content\/uploads\/sites\/582\/2025\/10\/Imatge1-e1759846993423.jpg\",\"width\":308,\"height\":182},{\"@type\":\"BreadcrumbList\",\"@id\":\"https:\/\/webs.uab.cat\/openlabs\/2025\/10\/07\/evol-i-tunels-de-vent-collaboracio-oberta-per-impulsar-el-disseny-aeronautic\/#breadcrumb\",\"itemListElement\":[{\"@type\":\"ListItem\",\"position\":1,\"name\":\"Inici\",\"item\":\"https:\/\/webs.uab.cat\/openlabs\/\"},{\"@type\":\"ListItem\",\"position\":2,\"name\":\"EVOL i t\u00fanels de vent: col\u00b7laboraci\u00f3 oberta per impulsar el disseny aeron\u00e0utic\"}]},{\"@type\":\"WebSite\",\"@id\":\"https:\/\/webs.uab.cat\/openlabs\/#website\",\"url\":\"https:\/\/webs.uab.cat\/openlabs\/\",\"name\":\"Laboratoris d&#039;innovaci\u00f3 Oberta\",\"description\":\"UAB Open Labs - espai obert per les ments obertes\",\"potentialAction\":[{\"@type\":\"SearchAction\",\"target\":{\"@type\":\"EntryPoint\",\"urlTemplate\":\"https:\/\/webs.uab.cat\/openlabs\/?s={search_term_string}\"},\"query-input\":{\"@type\":\"PropertyValueSpecification\",\"valueRequired\":true,\"valueName\":\"search_term_string\"}}],\"inLanguage\":\"ca\"},{\"@type\":\"Person\",\"@id\":\"https:\/\/webs.uab.cat\/openlabs\/#\/schema\/person\/d0e6ceb40199e662b0928f80d859148a\",\"name\":\"Juan Vicente\",\"image\":{\"@type\":\"ImageObject\",\"inLanguage\":\"ca\",\"@id\":\"https:\/\/webs.uab.cat\/openlabs\/#\/schema\/person\/image\/\",\"url\":\"https:\/\/secure.gravatar.com\/avatar\/cb8253fafa8d384d33e73506598e1c4b64410e3f4ad52a81cf2c5e28bd33911c?s=96&d=mm&r=g\",\"contentUrl\":\"https:\/\/secure.gravatar.com\/avatar\/cb8253fafa8d384d33e73506598e1c4b64410e3f4ad52a81cf2c5e28bd33911c?s=96&d=mm&r=g\",\"caption\":\"Juan Vicente\"},\"url\":\"https:\/\/webs.uab.cat\/openlabs\/author\/1731183\/\"}]}<\/script>\n<!-- \/ Yoast SEO plugin. -->","yoast_head_json":{"title":"EVOL i t\u00fanels de vent: col\u00b7laboraci\u00f3 oberta per impulsar el disseny aeron\u00e0utic - Laboratoris d&#039;innovaci\u00f3 Oberta","robots":{"index":"index","follow":"follow","max-snippet":"max-snippet:-1","max-image-preview":"max-image-preview:large","max-video-preview":"max-video-preview:-1"},"canonical":"https:\/\/webs.uab.cat\/openlabs\/2025\/10\/07\/evol-i-tunels-de-vent-collaboracio-oberta-per-impulsar-el-disseny-aeronautic\/","og_locale":"ca_ES","og_type":"article","og_title":"EVOL i t\u00fanels de vent: col\u00b7laboraci\u00f3 oberta per impulsar el disseny aeron\u00e0utic - Laboratoris d&#039;innovaci\u00f3 Oberta","og_description":"Als UAB Open Labs fomentem la col\u00b7laboraci\u00f3 i el suport a projectes innovadors d\u2019estudiants i professionals, independentment del centre o universitat d\u2019origen. En aquesta l\u00ednia, hem donat suport a un estudiant d\u2019una altra universitat en el desenvolupament d\u2019una maqueta d\u2019un EVOL destinada a la realitzaci\u00f3 d\u2019assajos en t\u00fanel de vent, un projecte que combina enginyeria, [&hellip;]","og_url":"https:\/\/webs.uab.cat\/openlabs\/2025\/10\/07\/evol-i-tunels-de-vent-collaboracio-oberta-per-impulsar-el-disseny-aeronautic\/","og_site_name":"Laboratoris d&#039;innovaci\u00f3 Oberta","article_published_time":"2025-10-07T14:26:49+00:00","article_modified_time":"2025-10-21T11:53:32+00:00","og_image":[{"width":308,"height":182,"url":"https:\/\/webs.uab.cat\/openlabs\/wp-content\/uploads\/sites\/582\/2025\/10\/Imatge1-e1759846993423.jpg","type":"image\/jpeg"}],"author":"Juan Vicente","twitter_card":"summary_large_image","twitter_misc":{"Escrit per":"Juan Vicente","Temps estimat de lectura":"2 minuts"},"schema":{"@context":"https:\/\/schema.org","@graph":[{"@type":"Article","@id":"https:\/\/webs.uab.cat\/openlabs\/2025\/10\/07\/evol-i-tunels-de-vent-collaboracio-oberta-per-impulsar-el-disseny-aeronautic\/#article","isPartOf":{"@id":"https:\/\/webs.uab.cat\/openlabs\/2025\/10\/07\/evol-i-tunels-de-vent-collaboracio-oberta-per-impulsar-el-disseny-aeronautic\/"},"author":{"name":"Juan Vicente","@id":"https:\/\/webs.uab.cat\/openlabs\/#\/schema\/person\/d0e6ceb40199e662b0928f80d859148a"},"headline":"EVOL i t\u00fanels de vent: col\u00b7laboraci\u00f3 oberta per impulsar el disseny aeron\u00e0utic","datePublished":"2025-10-07T14:26:49+00:00","dateModified":"2025-10-21T11:53:32+00:00","mainEntityOfPage":{"@id":"https:\/\/webs.uab.cat\/openlabs\/2025\/10\/07\/evol-i-tunels-de-vent-collaboracio-oberta-per-impulsar-el-disseny-aeronautic\/"},"wordCount":282,"image":{"@id":"https:\/\/webs.uab.cat\/openlabs\/2025\/10\/07\/evol-i-tunels-de-vent-collaboracio-oberta-per-impulsar-el-disseny-aeronautic\/#primaryimage"},"thumbnailUrl":"https:\/\/webs.uab.cat\/openlabs\/wp-content\/uploads\/sites\/582\/2025\/10\/Imatge1-e1759846993423.jpg","keywords":["Disseny LAB","Enginyeria","Impressi\u00f3 3D"],"articleSection":["Projecte"],"inLanguage":"ca"},{"@type":"WebPage","@id":"https:\/\/webs.uab.cat\/openlabs\/2025\/10\/07\/evol-i-tunels-de-vent-collaboracio-oberta-per-impulsar-el-disseny-aeronautic\/","url":"https:\/\/webs.uab.cat\/openlabs\/2025\/10\/07\/evol-i-tunels-de-vent-collaboracio-oberta-per-impulsar-el-disseny-aeronautic\/","name":"EVOL i t\u00fanels de vent: col\u00b7laboraci\u00f3 oberta per impulsar el disseny aeron\u00e0utic - Laboratoris d&#039;innovaci\u00f3 Oberta","isPartOf":{"@id":"https:\/\/webs.uab.cat\/openlabs\/#website"},"primaryImageOfPage":{"@id":"https:\/\/webs.uab.cat\/openlabs\/2025\/10\/07\/evol-i-tunels-de-vent-collaboracio-oberta-per-impulsar-el-disseny-aeronautic\/#primaryimage"},"image":{"@id":"https:\/\/webs.uab.cat\/openlabs\/2025\/10\/07\/evol-i-tunels-de-vent-collaboracio-oberta-per-impulsar-el-disseny-aeronautic\/#primaryimage"},"thumbnailUrl":"https:\/\/webs.uab.cat\/openlabs\/wp-content\/uploads\/sites\/582\/2025\/10\/Imatge1-e1759846993423.jpg","datePublished":"2025-10-07T14:26:49+00:00","dateModified":"2025-10-21T11:53:32+00:00","author":{"@id":"https:\/\/webs.uab.cat\/openlabs\/#\/schema\/person\/d0e6ceb40199e662b0928f80d859148a"},"breadcrumb":{"@id":"https:\/\/webs.uab.cat\/openlabs\/2025\/10\/07\/evol-i-tunels-de-vent-collaboracio-oberta-per-impulsar-el-disseny-aeronautic\/#breadcrumb"},"inLanguage":"ca","potentialAction":[{"@type":"ReadAction","target":["https:\/\/webs.uab.cat\/openlabs\/2025\/10\/07\/evol-i-tunels-de-vent-collaboracio-oberta-per-impulsar-el-disseny-aeronautic\/"]}]},{"@type":"ImageObject","inLanguage":"ca","@id":"https:\/\/webs.uab.cat\/openlabs\/2025\/10\/07\/evol-i-tunels-de-vent-collaboracio-oberta-per-impulsar-el-disseny-aeronautic\/#primaryimage","url":"https:\/\/webs.uab.cat\/openlabs\/wp-content\/uploads\/sites\/582\/2025\/10\/Imatge1-e1759846993423.jpg","contentUrl":"https:\/\/webs.uab.cat\/openlabs\/wp-content\/uploads\/sites\/582\/2025\/10\/Imatge1-e1759846993423.jpg","width":308,"height":182},{"@type":"BreadcrumbList","@id":"https:\/\/webs.uab.cat\/openlabs\/2025\/10\/07\/evol-i-tunels-de-vent-collaboracio-oberta-per-impulsar-el-disseny-aeronautic\/#breadcrumb","itemListElement":[{"@type":"ListItem","position":1,"name":"Inici","item":"https:\/\/webs.uab.cat\/openlabs\/"},{"@type":"ListItem","position":2,"name":"EVOL i t\u00fanels de vent: col\u00b7laboraci\u00f3 oberta per impulsar el disseny aeron\u00e0utic"}]},{"@type":"WebSite","@id":"https:\/\/webs.uab.cat\/openlabs\/#website","url":"https:\/\/webs.uab.cat\/openlabs\/","name":"Laboratoris d&#039;innovaci\u00f3 Oberta","description":"UAB Open Labs - espai obert per les ments obertes","potentialAction":[{"@type":"SearchAction","target":{"@type":"EntryPoint","urlTemplate":"https:\/\/webs.uab.cat\/openlabs\/?s={search_term_string}"},"query-input":{"@type":"PropertyValueSpecification","valueRequired":true,"valueName":"search_term_string"}}],"inLanguage":"ca"},{"@type":"Person","@id":"https:\/\/webs.uab.cat\/openlabs\/#\/schema\/person\/d0e6ceb40199e662b0928f80d859148a","name":"Juan Vicente","image":{"@type":"ImageObject","inLanguage":"ca","@id":"https:\/\/webs.uab.cat\/openlabs\/#\/schema\/person\/image\/","url":"https:\/\/secure.gravatar.com\/avatar\/cb8253fafa8d384d33e73506598e1c4b64410e3f4ad52a81cf2c5e28bd33911c?s=96&d=mm&r=g","contentUrl":"https:\/\/secure.gravatar.com\/avatar\/cb8253fafa8d384d33e73506598e1c4b64410e3f4ad52a81cf2c5e28bd33911c?s=96&d=mm&r=g","caption":"Juan Vicente"},"url":"https:\/\/webs.uab.cat\/openlabs\/author\/1731183\/"}]}},"_links":{"self":[{"href":"https:\/\/webs.uab.cat\/openlabs\/wp-json\/wp\/v2\/posts\/5087","targetHints":{"allow":["GET"]}}],"collection":[{"href":"https:\/\/webs.uab.cat\/openlabs\/wp-json\/wp\/v2\/posts"}],"about":[{"href":"https:\/\/webs.uab.cat\/openlabs\/wp-json\/wp\/v2\/types\/post"}],"author":[{"embeddable":true,"href":"https:\/\/webs.uab.cat\/openlabs\/wp-json\/wp\/v2\/users\/2945"}],"replies":[{"embeddable":true,"href":"https:\/\/webs.uab.cat\/openlabs\/wp-json\/wp\/v2\/comments?post=5087"}],"version-history":[{"count":1,"href":"https:\/\/webs.uab.cat\/openlabs\/wp-json\/wp\/v2\/posts\/5087\/revisions"}],"predecessor-version":[{"id":5091,"href":"https:\/\/webs.uab.cat\/openlabs\/wp-json\/wp\/v2\/posts\/5087\/revisions\/5091"}],"wp:featuredmedia":[{"embeddable":true,"href":"https:\/\/webs.uab.cat\/openlabs\/wp-json\/wp\/v2\/media\/5088"}],"wp:attachment":[{"href":"https:\/\/webs.uab.cat\/openlabs\/wp-json\/wp\/v2\/media?parent=5087"}],"wp:term":[{"taxonomy":"category","embeddable":true,"href":"https:\/\/webs.uab.cat\/openlabs\/wp-json\/wp\/v2\/categories?post=5087"},{"taxonomy":"post_tag","embeddable":true,"href":"https:\/\/webs.uab.cat\/openlabs\/wp-json\/wp\/v2\/tags?post=5087"}],"curies":[{"name":"wp","href":"https:\/\/api.w.org\/{rel}","templated":true}]}}