{"id":5557,"date":"2026-03-23T16:15:45","date_gmt":"2026-03-23T14:15:45","guid":{"rendered":"https:\/\/webs.uab.cat\/openlabs\/?p=5557"},"modified":"2026-03-24T10:39:19","modified_gmt":"2026-03-24T08:39:19","slug":"premis-eines-2026","status":"publish","type":"post","link":"https:\/\/webs.uab.cat\/openlabs\/2026\/03\/23\/premis-eines-2026\/","title":{"rendered":"Premis eines 2026"},"content":{"rendered":"\n<p>La C\u00e0tedra en Emprenedoria i Innovaci\u00f3 Social, adscrita al Centre d&#8217;Estudis i de Recerca en Emprenedoria i Innovaci\u00f3 Social (CREIS) de la UAB, convoca els&nbsp;<strong>Premis eines 2026<\/strong>&nbsp;als millors projectes de transformaci\u00f3 social d&#8217;\u00e0mbit general, d&#8217;\u00e0mbit valles\u00e0 i d&#8217;\u00e0mbit local.<\/p>\n\n\n\n<p>Premis eines promouen les activitats de transformaci\u00f3 social. Les l\u00ednies d&#8217;actuaci\u00f3 dels projectes candidats hauran d\u2019emmarcar-se en almenys un dels&nbsp;<strong>17 Objectius de Desenvolupament Sostenible (ODS)<\/strong>.<\/p>\n\n\n\n<p>El termini m\u00e0xim de presentaci\u00f3 als&nbsp;<strong>Premis eines 2026<\/strong>&nbsp;\u00e9s el&nbsp;<strong>15<\/strong><strong>&nbsp;d&#8217;abril a les 23:59 hores<\/strong>.&nbsp;Accediu a tota la informaci\u00f3 sobre categories i requisits a:<\/p>\n\n\n\n<div class=\"wp-block-buttons is-content-justification-center is-layout-flex wp-container-core-buttons-is-layout-16018d1d wp-block-buttons-is-layout-flex\">\n<div class=\"wp-block-button has-custom-width wp-block-button__width-75\"><a class=\"wp-block-button__link wp-element-button\" href=\"https:\/\/webs.uab.cat\/openlabs\/wp-content\/uploads\/sites\/582\/2026\/03\/Bases-Premis-eines_2026.pdf\" target=\"_blank\" rel=\"noreferrer noopener\">BASES PREMIS EINES 2026<\/a><\/div>\n<\/div>\n\n\n\n<p>Per m\u00e9s informaci\u00f3, adreceu-vos a la p\u00e0gina <a href=\"https:\/\/creis.uab.cat\/premis-eines\" target=\"_blank\" rel=\"noreferrer noopener\">https:\/\/creis.uab.cat\/premis-eines<\/a><\/p>\n\n\n\n<p><\/p>\n","protected":false},"excerpt":{"rendered":"<p>La C\u00e0tedra en Emprenedoria i Innovaci\u00f3 Social, adscrita al Centre d&#8217;Estudis i de Recerca en Emprenedoria i Innovaci\u00f3 Social (CREIS) de la UAB, convoca els&nbsp;Premis eines 2026&nbsp;als millors projectes de transformaci\u00f3 social d&#8217;\u00e0mbit general, d&#8217;\u00e0mbit valles\u00e0 i d&#8217;\u00e0mbit local. Premis eines promouen les activitats de transformaci\u00f3 social. Les l\u00ednies d&#8217;actuaci\u00f3 dels projectes candidats hauran d\u2019emmarcar-se [&hellip;]<\/p>\n","protected":false},"author":2945,"featured_media":5558,"comment_status":"closed","ping_status":"closed","sticky":false,"template":"","format":"standard","meta":{"footnotes":""},"categories":[153],"tags":[172,212,214],"class_list":["post-5557","post","type-post","status-publish","format-standard","has-post-thumbnail","hentry","category-actualitat","tag-des","tag-emprenedoria","tag-innovacio"],"yoast_head":"<!-- This site is optimized with the Yoast SEO plugin v26.8 - https:\/\/yoast.com\/product\/yoast-seo-wordpress\/ -->\n<title>Premis eines 2026 - Laboratoris d&#039;innovaci\u00f3 Oberta<\/title>\n<meta name=\"robots\" content=\"index, follow, max-snippet:-1, max-image-preview:large, max-video-preview:-1\" \/>\n<link rel=\"canonical\" href=\"https:\/\/webs.uab.cat\/openlabs\/2026\/03\/23\/premis-eines-2026\/\" \/>\n<meta property=\"og:locale\" content=\"ca_ES\" \/>\n<meta property=\"og:type\" content=\"article\" \/>\n<meta property=\"og:title\" content=\"Premis eines 2026 - Laboratoris d&#039;innovaci\u00f3 Oberta\" \/>\n<meta property=\"og:description\" content=\"La C\u00e0tedra en Emprenedoria i Innovaci\u00f3 Social, adscrita al Centre d&#8217;Estudis i de Recerca en Emprenedoria i Innovaci\u00f3 Social (CREIS) de la UAB, convoca els&nbsp;Premis eines 2026&nbsp;als millors projectes de transformaci\u00f3 social d&#8217;\u00e0mbit general, d&#8217;\u00e0mbit valles\u00e0 i d&#8217;\u00e0mbit local. Premis eines promouen les activitats de transformaci\u00f3 social. Les l\u00ednies d&#8217;actuaci\u00f3 dels projectes candidats hauran d\u2019emmarcar-se [&hellip;]\" \/>\n<meta property=\"og:url\" content=\"https:\/\/webs.uab.cat\/openlabs\/2026\/03\/23\/premis-eines-2026\/\" \/>\n<meta property=\"og:site_name\" content=\"Laboratoris d&#039;innovaci\u00f3 Oberta\" \/>\n<meta property=\"article:published_time\" content=\"2026-03-23T14:15:45+00:00\" \/>\n<meta property=\"article:modified_time\" content=\"2026-03-24T08:39:19+00:00\" \/>\n<meta property=\"og:image\" content=\"https:\/\/webs.uab.cat\/openlabs\/wp-content\/uploads\/sites\/582\/2026\/03\/UOL_ACTUALITAT_premis_eines2026.png\" \/>\n\t<meta property=\"og:image:width\" content=\"1541\" \/>\n\t<meta property=\"og:image:height\" content=\"767\" \/>\n\t<meta property=\"og:image:type\" content=\"image\/png\" \/>\n<meta name=\"author\" content=\"Juan Vicente\" \/>\n<meta name=\"twitter:card\" content=\"summary_large_image\" \/>\n<meta name=\"twitter:label1\" content=\"Escrit per\" \/>\n\t<meta name=\"twitter:data1\" content=\"Juan Vicente\" \/>\n\t<meta name=\"twitter:label2\" content=\"Temps estimat de lectura\" \/>\n\t<meta name=\"twitter:data2\" content=\"1 minut\" \/>\n<script type=\"application\/ld+json\" class=\"yoast-schema-graph\">{\"@context\":\"https:\/\/schema.org\",\"@graph\":[{\"@type\":\"Article\",\"@id\":\"https:\/\/webs.uab.cat\/openlabs\/2026\/03\/23\/premis-eines-2026\/#article\",\"isPartOf\":{\"@id\":\"https:\/\/webs.uab.cat\/openlabs\/2026\/03\/23\/premis-eines-2026\/\"},\"author\":{\"name\":\"Juan Vicente\",\"@id\":\"https:\/\/webs.uab.cat\/openlabs\/#\/schema\/person\/d0e6ceb40199e662b0928f80d859148a\"},\"headline\":\"Premis eines 2026\",\"datePublished\":\"2026-03-23T14:15:45+00:00\",\"dateModified\":\"2026-03-24T08:39:19+00:00\",\"mainEntityOfPage\":{\"@id\":\"https:\/\/webs.uab.cat\/openlabs\/2026\/03\/23\/premis-eines-2026\/\"},\"wordCount\":126,\"image\":{\"@id\":\"https:\/\/webs.uab.cat\/openlabs\/2026\/03\/23\/premis-eines-2026\/#primaryimage\"},\"thumbnailUrl\":\"https:\/\/webs.uab.cat\/openlabs\/wp-content\/uploads\/sites\/582\/2026\/03\/UOL_ACTUALITAT_premis_eines2026.png\",\"keywords\":[\"Destacat\",\"Emprenedoria\",\"Innovaci\u00f3\"],\"articleSection\":[\"Actualitat\"],\"inLanguage\":\"ca\"},{\"@type\":\"WebPage\",\"@id\":\"https:\/\/webs.uab.cat\/openlabs\/2026\/03\/23\/premis-eines-2026\/\",\"url\":\"https:\/\/webs.uab.cat\/openlabs\/2026\/03\/23\/premis-eines-2026\/\",\"name\":\"Premis eines 2026 - Laboratoris d&#039;innovaci\u00f3 Oberta\",\"isPartOf\":{\"@id\":\"https:\/\/webs.uab.cat\/openlabs\/#website\"},\"primaryImageOfPage\":{\"@id\":\"https:\/\/webs.uab.cat\/openlabs\/2026\/03\/23\/premis-eines-2026\/#primaryimage\"},\"image\":{\"@id\":\"https:\/\/webs.uab.cat\/openlabs\/2026\/03\/23\/premis-eines-2026\/#primaryimage\"},\"thumbnailUrl\":\"https:\/\/webs.uab.cat\/openlabs\/wp-content\/uploads\/sites\/582\/2026\/03\/UOL_ACTUALITAT_premis_eines2026.png\",\"datePublished\":\"2026-03-23T14:15:45+00:00\",\"dateModified\":\"2026-03-24T08:39:19+00:00\",\"author\":{\"@id\":\"https:\/\/webs.uab.cat\/openlabs\/#\/schema\/person\/d0e6ceb40199e662b0928f80d859148a\"},\"breadcrumb\":{\"@id\":\"https:\/\/webs.uab.cat\/openlabs\/2026\/03\/23\/premis-eines-2026\/#breadcrumb\"},\"inLanguage\":\"ca\",\"potentialAction\":[{\"@type\":\"ReadAction\",\"target\":[\"https:\/\/webs.uab.cat\/openlabs\/2026\/03\/23\/premis-eines-2026\/\"]}]},{\"@type\":\"ImageObject\",\"inLanguage\":\"ca\",\"@id\":\"https:\/\/webs.uab.cat\/openlabs\/2026\/03\/23\/premis-eines-2026\/#primaryimage\",\"url\":\"https:\/\/webs.uab.cat\/openlabs\/wp-content\/uploads\/sites\/582\/2026\/03\/UOL_ACTUALITAT_premis_eines2026.png\",\"contentUrl\":\"https:\/\/webs.uab.cat\/openlabs\/wp-content\/uploads\/sites\/582\/2026\/03\/UOL_ACTUALITAT_premis_eines2026.png\",\"width\":1541,\"height\":767},{\"@type\":\"BreadcrumbList\",\"@id\":\"https:\/\/webs.uab.cat\/openlabs\/2026\/03\/23\/premis-eines-2026\/#breadcrumb\",\"itemListElement\":[{\"@type\":\"ListItem\",\"position\":1,\"name\":\"Inici\",\"item\":\"https:\/\/webs.uab.cat\/openlabs\/\"},{\"@type\":\"ListItem\",\"position\":2,\"name\":\"Premis eines 2026\"}]},{\"@type\":\"WebSite\",\"@id\":\"https:\/\/webs.uab.cat\/openlabs\/#website\",\"url\":\"https:\/\/webs.uab.cat\/openlabs\/\",\"name\":\"Laboratoris d&#039;innovaci\u00f3 Oberta\",\"description\":\"UAB Open Labs - espai obert per les ments obertes\",\"potentialAction\":[{\"@type\":\"SearchAction\",\"target\":{\"@type\":\"EntryPoint\",\"urlTemplate\":\"https:\/\/webs.uab.cat\/openlabs\/?s={search_term_string}\"},\"query-input\":{\"@type\":\"PropertyValueSpecification\",\"valueRequired\":true,\"valueName\":\"search_term_string\"}}],\"inLanguage\":\"ca\"},{\"@type\":\"Person\",\"@id\":\"https:\/\/webs.uab.cat\/openlabs\/#\/schema\/person\/d0e6ceb40199e662b0928f80d859148a\",\"name\":\"Juan Vicente\",\"image\":{\"@type\":\"ImageObject\",\"inLanguage\":\"ca\",\"@id\":\"https:\/\/webs.uab.cat\/openlabs\/#\/schema\/person\/image\/\",\"url\":\"https:\/\/secure.gravatar.com\/avatar\/cb8253fafa8d384d33e73506598e1c4b64410e3f4ad52a81cf2c5e28bd33911c?s=96&d=mm&r=g\",\"contentUrl\":\"https:\/\/secure.gravatar.com\/avatar\/cb8253fafa8d384d33e73506598e1c4b64410e3f4ad52a81cf2c5e28bd33911c?s=96&d=mm&r=g\",\"caption\":\"Juan Vicente\"},\"url\":\"https:\/\/webs.uab.cat\/openlabs\/author\/1731183\/\"}]}<\/script>\n<!-- \/ Yoast SEO plugin. -->","yoast_head_json":{"title":"Premis eines 2026 - Laboratoris d&#039;innovaci\u00f3 Oberta","robots":{"index":"index","follow":"follow","max-snippet":"max-snippet:-1","max-image-preview":"max-image-preview:large","max-video-preview":"max-video-preview:-1"},"canonical":"https:\/\/webs.uab.cat\/openlabs\/2026\/03\/23\/premis-eines-2026\/","og_locale":"ca_ES","og_type":"article","og_title":"Premis eines 2026 - Laboratoris d&#039;innovaci\u00f3 Oberta","og_description":"La C\u00e0tedra en Emprenedoria i Innovaci\u00f3 Social, adscrita al Centre d&#8217;Estudis i de Recerca en Emprenedoria i Innovaci\u00f3 Social (CREIS) de la UAB, convoca els&nbsp;Premis eines 2026&nbsp;als millors projectes de transformaci\u00f3 social d&#8217;\u00e0mbit general, d&#8217;\u00e0mbit valles\u00e0 i d&#8217;\u00e0mbit local. Premis eines promouen les activitats de transformaci\u00f3 social. Les l\u00ednies d&#8217;actuaci\u00f3 dels projectes candidats hauran d\u2019emmarcar-se [&hellip;]","og_url":"https:\/\/webs.uab.cat\/openlabs\/2026\/03\/23\/premis-eines-2026\/","og_site_name":"Laboratoris d&#039;innovaci\u00f3 Oberta","article_published_time":"2026-03-23T14:15:45+00:00","article_modified_time":"2026-03-24T08:39:19+00:00","og_image":[{"width":1541,"height":767,"url":"https:\/\/webs.uab.cat\/openlabs\/wp-content\/uploads\/sites\/582\/2026\/03\/UOL_ACTUALITAT_premis_eines2026.png","type":"image\/png"}],"author":"Juan Vicente","twitter_card":"summary_large_image","twitter_misc":{"Escrit per":"Juan Vicente","Temps estimat de lectura":"1 minut"},"schema":{"@context":"https:\/\/schema.org","@graph":[{"@type":"Article","@id":"https:\/\/webs.uab.cat\/openlabs\/2026\/03\/23\/premis-eines-2026\/#article","isPartOf":{"@id":"https:\/\/webs.uab.cat\/openlabs\/2026\/03\/23\/premis-eines-2026\/"},"author":{"name":"Juan Vicente","@id":"https:\/\/webs.uab.cat\/openlabs\/#\/schema\/person\/d0e6ceb40199e662b0928f80d859148a"},"headline":"Premis eines 2026","datePublished":"2026-03-23T14:15:45+00:00","dateModified":"2026-03-24T08:39:19+00:00","mainEntityOfPage":{"@id":"https:\/\/webs.uab.cat\/openlabs\/2026\/03\/23\/premis-eines-2026\/"},"wordCount":126,"image":{"@id":"https:\/\/webs.uab.cat\/openlabs\/2026\/03\/23\/premis-eines-2026\/#primaryimage"},"thumbnailUrl":"https:\/\/webs.uab.cat\/openlabs\/wp-content\/uploads\/sites\/582\/2026\/03\/UOL_ACTUALITAT_premis_eines2026.png","keywords":["Destacat","Emprenedoria","Innovaci\u00f3"],"articleSection":["Actualitat"],"inLanguage":"ca"},{"@type":"WebPage","@id":"https:\/\/webs.uab.cat\/openlabs\/2026\/03\/23\/premis-eines-2026\/","url":"https:\/\/webs.uab.cat\/openlabs\/2026\/03\/23\/premis-eines-2026\/","name":"Premis eines 2026 - Laboratoris d&#039;innovaci\u00f3 Oberta","isPartOf":{"@id":"https:\/\/webs.uab.cat\/openlabs\/#website"},"primaryImageOfPage":{"@id":"https:\/\/webs.uab.cat\/openlabs\/2026\/03\/23\/premis-eines-2026\/#primaryimage"},"image":{"@id":"https:\/\/webs.uab.cat\/openlabs\/2026\/03\/23\/premis-eines-2026\/#primaryimage"},"thumbnailUrl":"https:\/\/webs.uab.cat\/openlabs\/wp-content\/uploads\/sites\/582\/2026\/03\/UOL_ACTUALITAT_premis_eines2026.png","datePublished":"2026-03-23T14:15:45+00:00","dateModified":"2026-03-24T08:39:19+00:00","author":{"@id":"https:\/\/webs.uab.cat\/openlabs\/#\/schema\/person\/d0e6ceb40199e662b0928f80d859148a"},"breadcrumb":{"@id":"https:\/\/webs.uab.cat\/openlabs\/2026\/03\/23\/premis-eines-2026\/#breadcrumb"},"inLanguage":"ca","potentialAction":[{"@type":"ReadAction","target":["https:\/\/webs.uab.cat\/openlabs\/2026\/03\/23\/premis-eines-2026\/"]}]},{"@type":"ImageObject","inLanguage":"ca","@id":"https:\/\/webs.uab.cat\/openlabs\/2026\/03\/23\/premis-eines-2026\/#primaryimage","url":"https:\/\/webs.uab.cat\/openlabs\/wp-content\/uploads\/sites\/582\/2026\/03\/UOL_ACTUALITAT_premis_eines2026.png","contentUrl":"https:\/\/webs.uab.cat\/openlabs\/wp-content\/uploads\/sites\/582\/2026\/03\/UOL_ACTUALITAT_premis_eines2026.png","width":1541,"height":767},{"@type":"BreadcrumbList","@id":"https:\/\/webs.uab.cat\/openlabs\/2026\/03\/23\/premis-eines-2026\/#breadcrumb","itemListElement":[{"@type":"ListItem","position":1,"name":"Inici","item":"https:\/\/webs.uab.cat\/openlabs\/"},{"@type":"ListItem","position":2,"name":"Premis eines 2026"}]},{"@type":"WebSite","@id":"https:\/\/webs.uab.cat\/openlabs\/#website","url":"https:\/\/webs.uab.cat\/openlabs\/","name":"Laboratoris d&#039;innovaci\u00f3 Oberta","description":"UAB Open Labs - espai obert per les ments obertes","potentialAction":[{"@type":"SearchAction","target":{"@type":"EntryPoint","urlTemplate":"https:\/\/webs.uab.cat\/openlabs\/?s={search_term_string}"},"query-input":{"@type":"PropertyValueSpecification","valueRequired":true,"valueName":"search_term_string"}}],"inLanguage":"ca"},{"@type":"Person","@id":"https:\/\/webs.uab.cat\/openlabs\/#\/schema\/person\/d0e6ceb40199e662b0928f80d859148a","name":"Juan Vicente","image":{"@type":"ImageObject","inLanguage":"ca","@id":"https:\/\/webs.uab.cat\/openlabs\/#\/schema\/person\/image\/","url":"https:\/\/secure.gravatar.com\/avatar\/cb8253fafa8d384d33e73506598e1c4b64410e3f4ad52a81cf2c5e28bd33911c?s=96&d=mm&r=g","contentUrl":"https:\/\/secure.gravatar.com\/avatar\/cb8253fafa8d384d33e73506598e1c4b64410e3f4ad52a81cf2c5e28bd33911c?s=96&d=mm&r=g","caption":"Juan Vicente"},"url":"https:\/\/webs.uab.cat\/openlabs\/author\/1731183\/"}]}},"_links":{"self":[{"href":"https:\/\/webs.uab.cat\/openlabs\/wp-json\/wp\/v2\/posts\/5557","targetHints":{"allow":["GET"]}}],"collection":[{"href":"https:\/\/webs.uab.cat\/openlabs\/wp-json\/wp\/v2\/posts"}],"about":[{"href":"https:\/\/webs.uab.cat\/openlabs\/wp-json\/wp\/v2\/types\/post"}],"author":[{"embeddable":true,"href":"https:\/\/webs.uab.cat\/openlabs\/wp-json\/wp\/v2\/users\/2945"}],"replies":[{"embeddable":true,"href":"https:\/\/webs.uab.cat\/openlabs\/wp-json\/wp\/v2\/comments?post=5557"}],"version-history":[{"count":4,"href":"https:\/\/webs.uab.cat\/openlabs\/wp-json\/wp\/v2\/posts\/5557\/revisions"}],"predecessor-version":[{"id":5565,"href":"https:\/\/webs.uab.cat\/openlabs\/wp-json\/wp\/v2\/posts\/5557\/revisions\/5565"}],"wp:featuredmedia":[{"embeddable":true,"href":"https:\/\/webs.uab.cat\/openlabs\/wp-json\/wp\/v2\/media\/5558"}],"wp:attachment":[{"href":"https:\/\/webs.uab.cat\/openlabs\/wp-json\/wp\/v2\/media?parent=5557"}],"wp:term":[{"taxonomy":"category","embeddable":true,"href":"https:\/\/webs.uab.cat\/openlabs\/wp-json\/wp\/v2\/categories?post=5557"},{"taxonomy":"post_tag","embeddable":true,"href":"https:\/\/webs.uab.cat\/openlabs\/wp-json\/wp\/v2\/tags?post=5557"}],"curies":[{"name":"wp","href":"https:\/\/api.w.org\/{rel}","templated":true}]}}