{"id":69,"date":"2019-04-23T10:00:42","date_gmt":"2019-04-23T08:00:42","guid":{"rendered":"https:\/\/blogs.uab.cat\/primerainfancia\/?p=69"},"modified":"2019-04-23T10:00:42","modified_gmt":"2019-04-23T08:00:42","slug":"informe-4-innovacio-social-i-educacio-0-3","status":"publish","type":"post","link":"https:\/\/webs.uab.cat\/primerainfancia\/2019\/04\/23\/informe-4-innovacio-social-i-educacio-0-3\/","title":{"rendered":"Informe 4 Innovaci\u00f3 social i educaci\u00f3 0-3"},"content":{"rendered":"<p><img loading=\"lazy\" decoding=\"async\" class=\"alignnone size-full wp-image-86\" src=\"https:\/\/webs.uab.cat\/primerainfancia\/wp-content\/uploads\/sites\/44\/2019\/04\/04-EDU-03-NicolasBarbieri.jpg\" alt=\"\" width=\"510\" height=\"170\" srcset=\"https:\/\/webs.uab.cat\/primerainfancia\/wp-content\/uploads\/sites\/44\/2019\/04\/04-EDU-03-NicolasBarbieri.jpg 510w, https:\/\/webs.uab.cat\/primerainfancia\/wp-content\/uploads\/sites\/44\/2019\/04\/04-EDU-03-NicolasBarbieri-300x100.jpg 300w\" sizes=\"auto, (max-width: 510px) 100vw, 510px\" \/><\/p>\n<p class=\"IGOPtextbase\">Aquest nou lliurament aborda dues q\u00fcestions. En primer lloc, la introducci\u00f3 i discussi\u00f3 del concepte d\u2019innovaci\u00f3 social. En aquest informe presentem i justifiquem quina definici\u00f3 adoptem per aquest estudi. En segon lloc, vincularem el debat sobre la innovaci\u00f3 social a les experi\u00e8ncies d\u2019educaci\u00f3 0-3 anys que es plantegen com alternatives a l\u2019escola bressol p\u00fablica i privada.<\/p>\n<p><a href=\"https:\/\/webs.uab.cat\/primerainfancia\/wp-content\/uploads\/sites\/44\/2019\/04\/Punt-4-EDU.-Innovacio-social-i-educacio-0-3-anys.pdf\" target=\"_blank\" rel=\"noopener noreferrer\">Descarregar informe: Innovaci\u00f3 social i educaci\u00f3 0-3<\/a><\/p>\n<hr \/>\n<p><strong>Per citar aquest document:<\/strong><\/p>\n<p>Barbieri, Nicol\u00e1s. 2019. \u00abInnovaci\u00f3 social i educaci\u00f3 0-3 anys\u00bb, Barcelona: IGOP (Projecte RecerCaixa \u201cEdu 0-3\u201d).<\/p>\n<p>L\u2019<strong>equip investigador <\/strong>del projecte est\u00e0 format per membres de l\u2019Institut de Govern i Pol\u00edtiques P\u00fabliques (IGOP) de la Universitat Aut\u00f2noma de Barcelona (UAB), de la Universitat de Barcelona (UB), de la Universitat Oberta de Catalunya (UOC), i de Knowledge Sharing Network (KSNET).<\/p>\n<p><strong>Investigadora principal: <\/strong>Raquel Gallego Calder\u00f3n (IGOP-UAB).<\/p>\n","protected":false},"excerpt":{"rendered":"<p>Aquest nou lliurament aborda dues q\u00fcestions. En primer lloc, la introducci\u00f3 i discussi\u00f3 del concepte d\u2019innovaci\u00f3 social. En aquest informe presentem i justifiquem quina definici\u00f3 adoptem per aquest estudi. En segon lloc, vincularem el debat sobre la innovaci\u00f3 social a les experi\u00e8ncies d\u2019educaci\u00f3 0-3 anys que es plantegen com alternatives a l\u2019escola bressol p\u00fablica i [&hellip;]<\/p>\n","protected":false},"author":34,"featured_media":86,"comment_status":"open","ping_status":"open","sticky":false,"template":"","format":"standard","meta":{"footnotes":""},"categories":[2],"tags":[3,7,10,11,14,16,17],"class_list":["post-69","post","type-post","status-publish","format-standard","has-post-thumbnail","hentry","category-informes","tag-conciliacio-familiar","tag-edu-0-3","tag-igop","tag-innovacio-social","tag-primera-infancia","tag-recercaixa","tag-uab"],"_links":{"self":[{"href":"https:\/\/webs.uab.cat\/primerainfancia\/wp-json\/wp\/v2\/posts\/69","targetHints":{"allow":["GET"]}}],"collection":[{"href":"https:\/\/webs.uab.cat\/primerainfancia\/wp-json\/wp\/v2\/posts"}],"about":[{"href":"https:\/\/webs.uab.cat\/primerainfancia\/wp-json\/wp\/v2\/types\/post"}],"author":[{"embeddable":true,"href":"https:\/\/webs.uab.cat\/primerainfancia\/wp-json\/wp\/v2\/users\/34"}],"replies":[{"embeddable":true,"href":"https:\/\/webs.uab.cat\/primerainfancia\/wp-json\/wp\/v2\/comments?post=69"}],"version-history":[{"count":0,"href":"https:\/\/webs.uab.cat\/primerainfancia\/wp-json\/wp\/v2\/posts\/69\/revisions"}],"wp:featuredmedia":[{"embeddable":true,"href":"https:\/\/webs.uab.cat\/primerainfancia\/wp-json\/wp\/v2\/media\/86"}],"wp:attachment":[{"href":"https:\/\/webs.uab.cat\/primerainfancia\/wp-json\/wp\/v2\/media?parent=69"}],"wp:term":[{"taxonomy":"category","embeddable":true,"href":"https:\/\/webs.uab.cat\/primerainfancia\/wp-json\/wp\/v2\/categories?post=69"},{"taxonomy":"post_tag","embeddable":true,"href":"https:\/\/webs.uab.cat\/primerainfancia\/wp-json\/wp\/v2\/tags?post=69"}],"curies":[{"name":"wp","href":"https:\/\/api.w.org\/{rel}","templated":true}]}}