{"id":1097,"date":"2025-12-12T00:00:45","date_gmt":"2025-12-11T22:00:45","guid":{"rendered":"https:\/\/webs.uab.cat\/programa-universitat-empresa\/?p=1097"},"modified":"2026-06-16T10:59:35","modified_gmt":"2026-06-16T08:59:35","slug":"cicle-de-conferencies-dinnovacio-i-iniciativa-emprenedora","status":"publish","type":"post","link":"https:\/\/webs.uab.cat\/programa-universitat-empresa\/cicle-de-conferencies-dinnovacio-i-iniciativa-emprenedora\/","title":{"rendered":"Innovaci\u00f3 i Iniciativa Emprenedora"},"content":{"rendered":"\n<p class=\"wp-block-paragraph\">Aquest cicle aborda la innovaci\u00f3 i el proc\u00e9s emprenedor, des de la generaci\u00f3 d&#8217;idees fins la seva consolidaci\u00f3 al mercat. A partir de casos reals i testimonis d&#8217;emprenedors, es treballen aspectes clau com la proposta de valor, els models de negoci i el finan\u00e7ament. El seu objectiu \u00e9s fomentar una mentalitat innovadora, creativa i orientada a l&#8217;acci\u00f3.<\/p>\n\n\n\n<blockquote class=\"wp-block-quote is-style-plain is-layout-flow wp-block-quote-is-layout-flow\">\n<p class=\"wp-block-paragraph\"><em>Un repaso por los modelos de valoraci\u00f3n de oportunidades de inversi\u00f3n por parte de los inversores<\/em><br><strong>Daniel Clivill\u00e9<\/strong> <a href=\"https:\/\/www.linkedin.com\/in\/daniel-clivill%C3%A9-a9a429\/\" target=\"_blank\" rel=\"noreferrer noopener\"><img loading=\"lazy\" decoding=\"async\" width=\"208\" height=\"209\" class=\"wp-image-1651\" style=\"width: 25px\" src=\"https:\/\/webs.uab.cat\/programa-universitat-empresa\/wp-content\/uploads\/sites\/77\/2026\/04\/Linkedin-2.png\" alt=\"\" srcset=\"https:\/\/webs.uab.cat\/programa-universitat-empresa\/wp-content\/uploads\/sites\/77\/2026\/04\/Linkedin-2.png 208w, https:\/\/webs.uab.cat\/programa-universitat-empresa\/wp-content\/uploads\/sites\/77\/2026\/04\/Linkedin-2-150x150.png 150w\" sizes=\"auto, (max-width: 208px) 100vw, 208px\" \/><\/a><br>Investment Banker, Entrepreneur &amp; Board member<\/p>\n<cite>12 de desembre de 2025<\/cite><\/blockquote>\n\n\n\n<blockquote class=\"wp-block-quote is-style-plain is-layout-flow wp-block-quote-is-layout-flow\">\n<p class=\"wp-block-paragraph\"><em>Entrepreneurship talk: lessons learned from a Young Entrepreneur<\/em><br><strong>Guillem G\u00f3mez<\/strong> <a href=\"https:\/\/www.linkedin.com\/in\/guillemgomezmunne\/\" target=\"_blank\" rel=\"noreferrer noopener\"><img loading=\"lazy\" decoding=\"async\" width=\"208\" height=\"209\" class=\"wp-image-1651\" style=\"width: 25px\" src=\"https:\/\/webs.uab.cat\/programa-universitat-empresa\/wp-content\/uploads\/sites\/77\/2026\/04\/Linkedin-2.png\" alt=\"\" srcset=\"https:\/\/webs.uab.cat\/programa-universitat-empresa\/wp-content\/uploads\/sites\/77\/2026\/04\/Linkedin-2.png 208w, https:\/\/webs.uab.cat\/programa-universitat-empresa\/wp-content\/uploads\/sites\/77\/2026\/04\/Linkedin-2-150x150.png 150w\" sizes=\"auto, (max-width: 208px) 100vw, 208px\" \/><\/a><br>Fundador Quether Innovation Solutions<\/p>\n<cite>24 de novembre de 2025<\/cite><\/blockquote>\n\n\n\n<blockquote class=\"wp-block-quote is-style-plain is-layout-flow wp-block-quote-is-layout-flow\">\n<p class=\"wp-block-paragraph\"><em>Cultura startup: la for\u00e7a que ho canvia tot<\/em><br><strong>Xavier Pinosa<\/strong> <a href=\"https:\/\/www.linkedin.com\/in\/xavier-pinosa-8b10b426\/\" target=\"_blank\" rel=\"noreferrer noopener\"><img loading=\"lazy\" decoding=\"async\" width=\"208\" height=\"209\" class=\"wp-image-1651\" style=\"width: 25px\" src=\"https:\/\/webs.uab.cat\/programa-universitat-empresa\/wp-content\/uploads\/sites\/77\/2026\/04\/Linkedin-2.png\" alt=\"\" srcset=\"https:\/\/webs.uab.cat\/programa-universitat-empresa\/wp-content\/uploads\/sites\/77\/2026\/04\/Linkedin-2.png 208w, https:\/\/webs.uab.cat\/programa-universitat-empresa\/wp-content\/uploads\/sites\/77\/2026\/04\/Linkedin-2-150x150.png 150w\" sizes=\"auto, (max-width: 208px) 100vw, 208px\" \/><\/a><br>Co-founder i CEO de Karibou<\/p>\n<cite>21 de novembre de 2025<\/cite><\/blockquote>\n\n\n\n<blockquote class=\"wp-block-quote is-style-plain is-layout-flow wp-block-quote-is-layout-flow\">\n<p class=\"wp-block-paragraph\">Talent i creaci\u00f3 de valor: convertir idees en realitats<br><strong>Xavier Pinosa<\/strong> <a href=\"https:\/\/www.linkedin.com\/in\/xavier-pinosa-8b10b426\/\" target=\"_blank\" rel=\"noreferrer noopener\"><img loading=\"lazy\" decoding=\"async\" width=\"208\" height=\"209\" class=\"wp-image-1651\" style=\"width: 25px\" src=\"https:\/\/webs.uab.cat\/programa-universitat-empresa\/wp-content\/uploads\/sites\/77\/2026\/04\/Linkedin-2.png\" alt=\"\" srcset=\"https:\/\/webs.uab.cat\/programa-universitat-empresa\/wp-content\/uploads\/sites\/77\/2026\/04\/Linkedin-2.png 208w, https:\/\/webs.uab.cat\/programa-universitat-empresa\/wp-content\/uploads\/sites\/77\/2026\/04\/Linkedin-2-150x150.png 150w\" sizes=\"auto, (max-width: 208px) 100vw, 208px\" \/><\/a><br>Co-founder i CEO de Karibou<\/p>\n<cite>14 de novembre de 2025<\/cite><\/blockquote>\n\n\n\n<blockquote class=\"wp-block-quote is-style-plain is-layout-flow wp-block-quote-is-layout-flow\">\n<p class=\"wp-block-paragraph\"><em>M\u00e8triques de negoci clau i estrat\u00e8gia de finan\u00e7ament i inversi\u00f3 de les empreses<\/em>. <em>Cas<\/em> <em>Incapto <\/em><br><strong>Francesc Font<\/strong> <a href=\"https:\/\/www.linkedin.com\/in\/francescfontcot\/\" data-type=\"page\" data-id=\"1445\" target=\"_blank\" rel=\"noreferrer noopener\"><img loading=\"lazy\" decoding=\"async\" width=\"208\" height=\"209\" class=\"wp-image-1651\" style=\"width: 25px\" src=\"https:\/\/webs.uab.cat\/programa-universitat-empresa\/wp-content\/uploads\/sites\/77\/2026\/04\/Linkedin-2.png\" alt=\"\" srcset=\"https:\/\/webs.uab.cat\/programa-universitat-empresa\/wp-content\/uploads\/sites\/77\/2026\/04\/Linkedin-2.png 208w, https:\/\/webs.uab.cat\/programa-universitat-empresa\/wp-content\/uploads\/sites\/77\/2026\/04\/Linkedin-2-150x150.png 150w\" sizes=\"auto, (max-width: 208px) 100vw, 208px\" \/><\/a><br>Co-founder i co-CEO a Incapto Cofee<\/p>\n<cite>13 d&#8217;octubre de 2025<\/cite><\/blockquote>\n\n\n\n<blockquote class=\"wp-block-quote is-style-plain is-layout-flow wp-block-quote-is-layout-flow\">\n<p class=\"wp-block-paragraph\"><em>Identificaci\u00f3 i construcci\u00f3 de la proposta de valor, model de negoci i definici\u00f3 del mercat target<\/em>.<em> Cas Incapto. <\/em><br><strong>Francesc Font<\/strong> <a href=\"https:\/\/www.linkedin.com\/in\/francescfontcot\/\" data-type=\"page\" data-id=\"1445\" target=\"_blank\" rel=\"noreferrer noopener\"><img loading=\"lazy\" decoding=\"async\" width=\"208\" height=\"209\" class=\"wp-image-1651\" style=\"width: 25px\" src=\"https:\/\/webs.uab.cat\/programa-universitat-empresa\/wp-content\/uploads\/sites\/77\/2026\/04\/Linkedin-2.png\" alt=\"\" srcset=\"https:\/\/webs.uab.cat\/programa-universitat-empresa\/wp-content\/uploads\/sites\/77\/2026\/04\/Linkedin-2.png 208w, https:\/\/webs.uab.cat\/programa-universitat-empresa\/wp-content\/uploads\/sites\/77\/2026\/04\/Linkedin-2-150x150.png 150w\" sizes=\"auto, (max-width: 208px) 100vw, 208px\" \/><\/a><br>Co-founder i co-CEO a Incapto Cofee<\/p>\n<cite>6 d&#8217;octubre de 2025<\/cite><\/blockquote>\n\n\n\n<blockquote class=\"wp-block-quote is-style-plain is-layout-flow wp-block-quote-is-layout-flow\">\n<p class=\"wp-block-paragraph\"><em>Teniu pensat emprendre?<\/em><br><strong>Arnau Cunill<\/strong> <a href=\"https:\/\/www.linkedin.com\/in\/arnau-cunill-incapto-coffee\/\" target=\"_blank\" rel=\"noreferrer noopener\"><img loading=\"lazy\" decoding=\"async\" width=\"208\" height=\"209\" class=\"wp-image-1651\" style=\"width: 25px\" src=\"https:\/\/webs.uab.cat\/programa-universitat-empresa\/wp-content\/uploads\/sites\/77\/2026\/04\/Linkedin-2.png\" alt=\"\" srcset=\"https:\/\/webs.uab.cat\/programa-universitat-empresa\/wp-content\/uploads\/sites\/77\/2026\/04\/Linkedin-2.png 208w, https:\/\/webs.uab.cat\/programa-universitat-empresa\/wp-content\/uploads\/sites\/77\/2026\/04\/Linkedin-2-150x150.png 150w\" sizes=\"auto, (max-width: 208px) 100vw, 208px\" \/><\/a><br>International &amp; Distribution Manager at Incapto Coffee, fundador de Kokedamas Lucciana<\/p>\n<cite>18 de novembre de 2024<\/cite><\/blockquote>\n\n\n\n<blockquote class=\"wp-block-quote is-style-plain is-layout-flow wp-block-quote-is-layout-flow\">\n<p class=\"wp-block-paragraph\"><em>Creando empresas digitales desde el a\u00f1o 2000<\/em><br><strong>Jes\u00fas Monle\u00f3n<\/strong> <a href=\"https:\/\/www.linkedin.com\/in\/jesusmonleon\/\" target=\"_blank\" rel=\"noreferrer noopener\"><img loading=\"lazy\" decoding=\"async\" width=\"208\" height=\"209\" class=\"wp-image-1651\" style=\"width: 25px\" src=\"https:\/\/webs.uab.cat\/programa-universitat-empresa\/wp-content\/uploads\/sites\/77\/2026\/04\/Linkedin-2.png\" alt=\"\" srcset=\"https:\/\/webs.uab.cat\/programa-universitat-empresa\/wp-content\/uploads\/sites\/77\/2026\/04\/Linkedin-2.png 208w, https:\/\/webs.uab.cat\/programa-universitat-empresa\/wp-content\/uploads\/sites\/77\/2026\/04\/Linkedin-2-150x150.png 150w\" sizes=\"auto, (max-width: 208px) 100vw, 208px\" \/><\/a><br>Fundador de 4Founders &amp; Gotrendier i SeedRocket<\/p>\n<cite>11 de novembre de 2024<\/cite><\/blockquote>\n\n\n\n<blockquote class=\"wp-block-quote is-style-plain is-layout-flow wp-block-quote-is-layout-flow\">\n<p class=\"wp-block-paragraph\"><em>Entrepreneurship talk: Lessons learned from a young Entrepreneur <\/em><br><strong>Guillem G\u00f3mez<\/strong> <a href=\"https:\/\/www.linkedin.com\/in\/guillemgomezmunne\/\" target=\"_blank\" rel=\"noreferrer noopener\"><img loading=\"lazy\" decoding=\"async\" width=\"208\" height=\"209\" class=\"wp-image-1651\" style=\"width: 25px\" src=\"https:\/\/webs.uab.cat\/programa-universitat-empresa\/wp-content\/uploads\/sites\/77\/2026\/04\/Linkedin-2.png\" alt=\"\" srcset=\"https:\/\/webs.uab.cat\/programa-universitat-empresa\/wp-content\/uploads\/sites\/77\/2026\/04\/Linkedin-2.png 208w, https:\/\/webs.uab.cat\/programa-universitat-empresa\/wp-content\/uploads\/sites\/77\/2026\/04\/Linkedin-2-150x150.png 150w\" sizes=\"auto, (max-width: 208px) 100vw, 208px\" \/><\/a><br>Research &amp; Innovation Lead a KingEClient<\/p>\n<cite>18 d&#8217;octubre de 2024<\/cite><\/blockquote>\n\n\n\n<blockquote class=\"wp-block-quote is-style-plain is-layout-flow wp-block-quote-is-layout-flow\">\n<p class=\"wp-block-paragraph\"><em>Emprende tu pasi\u00f3n<\/em><br><strong>Aleix Ernesto<\/strong> <a href=\"https:\/\/www.linkedin.com\/in\/aleix-ernesto-ortiga-992ba3330\/\" target=\"_blank\" rel=\"noreferrer noopener\"><img loading=\"lazy\" decoding=\"async\" width=\"208\" height=\"209\" class=\"wp-image-1651\" style=\"width: 25px\" src=\"https:\/\/webs.uab.cat\/programa-universitat-empresa\/wp-content\/uploads\/sites\/77\/2026\/04\/Linkedin-2.png\" alt=\"\" srcset=\"https:\/\/webs.uab.cat\/programa-universitat-empresa\/wp-content\/uploads\/sites\/77\/2026\/04\/Linkedin-2.png 208w, https:\/\/webs.uab.cat\/programa-universitat-empresa\/wp-content\/uploads\/sites\/77\/2026\/04\/Linkedin-2-150x150.png 150w\" sizes=\"auto, (max-width: 208px) 100vw, 208px\" \/><\/a><br>Fundador d\u2019Uniteos i director creatiu de Hadeca Racing<\/p>\n<cite>14 d&#8217;octubre de 2024<\/cite><\/blockquote>\n\n\n\n<blockquote class=\"wp-block-quote is-style-plain is-layout-flow wp-block-quote-is-layout-flow\">\n<p class=\"wp-block-paragraph\"><em>Cas Kuzdu Partners<\/em> <br><strong>Joaquim Virgili<\/strong> <a href=\"https:\/\/www.linkedin.com\/in\/joaquimvirgili\/\" target=\"_blank\" rel=\"noreferrer noopener\"><img loading=\"lazy\" decoding=\"async\" width=\"208\" height=\"209\" class=\"wp-image-1651\" style=\"width: 25px\" src=\"https:\/\/webs.uab.cat\/programa-universitat-empresa\/wp-content\/uploads\/sites\/77\/2026\/04\/Linkedin-2.png\" alt=\"\" srcset=\"https:\/\/webs.uab.cat\/programa-universitat-empresa\/wp-content\/uploads\/sites\/77\/2026\/04\/Linkedin-2.png 208w, https:\/\/webs.uab.cat\/programa-universitat-empresa\/wp-content\/uploads\/sites\/77\/2026\/04\/Linkedin-2-150x150.png 150w\" sizes=\"auto, (max-width: 208px) 100vw, 208px\" \/><\/a><br>Partner, Digital Specialist a Kuzdu Partners<\/p>\n<cite>12 de mar\u00e7 de 2024<\/cite><\/blockquote>\n\n\n\n<blockquote class=\"wp-block-quote is-style-plain is-layout-flow wp-block-quote-is-layout-flow\">\n<p class=\"wp-block-paragraph\"><em>Caso Lunatic Foods: una startup que ayuda a frenar el cambio clim\u00e1tico con comida vegana sostenible: desaf\u00edos y oportunidades de la transici\u00f3n energ\u00e9tica<\/em> <br><strong>Javier Matesanz<\/strong> <a href=\"https:\/\/www.linkedin.com\/in\/javier-matesanz-mestres\/\" target=\"_blank\" rel=\"noreferrer noopener\"><img loading=\"lazy\" decoding=\"async\" width=\"208\" height=\"209\" class=\"wp-image-1651\" style=\"width: 25px\" src=\"https:\/\/webs.uab.cat\/programa-universitat-empresa\/wp-content\/uploads\/sites\/77\/2026\/04\/Linkedin-2.png\" alt=\"\" srcset=\"https:\/\/webs.uab.cat\/programa-universitat-empresa\/wp-content\/uploads\/sites\/77\/2026\/04\/Linkedin-2.png 208w, https:\/\/webs.uab.cat\/programa-universitat-empresa\/wp-content\/uploads\/sites\/77\/2026\/04\/Linkedin-2-150x150.png 150w\" sizes=\"auto, (max-width: 208px) 100vw, 208px\" \/><\/a><br>Fundador i CEO de Lunatic Foods<\/p>\n<cite>5 de mar\u00e7 de 2024<\/cite><\/blockquote>\n\n\n\n<blockquote class=\"wp-block-quote is-style-plain is-layout-flow wp-block-quote-is-layout-flow\">\n<p class=\"wp-block-paragraph\"><em>Cas Elemental Value<\/em><br><strong>Pau Mart\u00ednez Carta\u00f1\u00e0<\/strong> <a href=\"https:\/\/www.linkedin.com\/in\/pau-mart%C3%ADnez-carta%C3%B1%C3%A1-a77b7a168\/\" target=\"_blank\" rel=\"noreferrer noopener\"><img loading=\"lazy\" decoding=\"async\" width=\"208\" height=\"209\" class=\"wp-image-1651\" style=\"width: 25px\" src=\"https:\/\/webs.uab.cat\/programa-universitat-empresa\/wp-content\/uploads\/sites\/77\/2026\/04\/Linkedin-2.png\" alt=\"\" srcset=\"https:\/\/webs.uab.cat\/programa-universitat-empresa\/wp-content\/uploads\/sites\/77\/2026\/04\/Linkedin-2.png 208w, https:\/\/webs.uab.cat\/programa-universitat-empresa\/wp-content\/uploads\/sites\/77\/2026\/04\/Linkedin-2-150x150.png 150w\" sizes=\"auto, (max-width: 208px) 100vw, 208px\" \/><\/a><br>Fundador d\u2019Elemental Value<\/p>\n<cite>27 de febrer de 2024<\/cite><\/blockquote>\n\n\n\n<blockquote class=\"wp-block-quote is-style-plain is-layout-flow wp-block-quote-is-layout-flow\">\n<p class=\"wp-block-paragraph\"><em>Cas Gums Up<\/em> <br><strong>Joan Espinal<\/strong> <a href=\"https:\/\/www.linkedin.com\/in\/juan-espinal-alia\/\" target=\"_blank\" rel=\"noreferrer noopener\"><img loading=\"lazy\" decoding=\"async\" width=\"208\" height=\"209\" class=\"wp-image-1651\" style=\"width: 25px\" src=\"https:\/\/webs.uab.cat\/programa-universitat-empresa\/wp-content\/uploads\/sites\/77\/2026\/04\/Linkedin-2.png\" alt=\"\" srcset=\"https:\/\/webs.uab.cat\/programa-universitat-empresa\/wp-content\/uploads\/sites\/77\/2026\/04\/Linkedin-2.png 208w, https:\/\/webs.uab.cat\/programa-universitat-empresa\/wp-content\/uploads\/sites\/77\/2026\/04\/Linkedin-2-150x150.png 150w\" sizes=\"auto, (max-width: 208px) 100vw, 208px\" \/><\/a><br>CEO de Gums Up<\/p>\n<cite>4 de desembre de 2023<\/cite><\/blockquote>\n\n\n\n<blockquote class=\"wp-block-quote is-style-plain is-layout-flow wp-block-quote-is-layout-flow\">\n<p class=\"wp-block-paragraph\"><em>Com innoven les empreses grans col\u00b7laborant amb startups<\/em><br><strong>Albert Torruella<\/strong> <a href=\"https:\/\/www.linkedin.com\/in\/atorruella\/\" target=\"_blank\" rel=\"noreferrer noopener\"><img loading=\"lazy\" decoding=\"async\" width=\"208\" height=\"209\" class=\"wp-image-1651\" style=\"width: 25px\" src=\"https:\/\/webs.uab.cat\/programa-universitat-empresa\/wp-content\/uploads\/sites\/77\/2026\/04\/Linkedin-2.png\" alt=\"\" srcset=\"https:\/\/webs.uab.cat\/programa-universitat-empresa\/wp-content\/uploads\/sites\/77\/2026\/04\/Linkedin-2.png 208w, https:\/\/webs.uab.cat\/programa-universitat-empresa\/wp-content\/uploads\/sites\/77\/2026\/04\/Linkedin-2-150x150.png 150w\" sizes=\"auto, (max-width: 208px) 100vw, 208px\" \/><\/a><br>Consultor d\u2019innovaci\u00f3 oberta i disrupci\u00f3 a Acci\u00f3<\/p>\n<cite>20 de novembre de 2023<\/cite><\/blockquote>\n\n\n\n<blockquote class=\"wp-block-quote is-style-plain is-layout-flow wp-block-quote-is-layout-flow\">\n<p class=\"wp-block-paragraph\"><em>El batacazo emprendedor: aprende de nuestros errores y alcanza el \u00e9xito<\/em> <br><strong>\u00c1lvaro D\u00edez<\/strong> <a href=\"https:\/\/www.linkedin.com\/in\/ada10\/\" target=\"_blank\" rel=\"noreferrer noopener\"><img loading=\"lazy\" decoding=\"async\" width=\"208\" height=\"209\" class=\"wp-image-1651\" style=\"width: 25px\" src=\"https:\/\/webs.uab.cat\/programa-universitat-empresa\/wp-content\/uploads\/sites\/77\/2026\/04\/Linkedin-2.png\" alt=\"\" srcset=\"https:\/\/webs.uab.cat\/programa-universitat-empresa\/wp-content\/uploads\/sites\/77\/2026\/04\/Linkedin-2.png 208w, https:\/\/webs.uab.cat\/programa-universitat-empresa\/wp-content\/uploads\/sites\/77\/2026\/04\/Linkedin-2-150x150.png 150w\" sizes=\"auto, (max-width: 208px) 100vw, 208px\" \/><\/a> <strong>&#8211;<\/strong> <strong>Josep M. Vallv\u00e9<\/strong> <a href=\"https:\/\/www.linkedin.com\/in\/jmvg23\/\" target=\"_blank\" rel=\"noreferrer noopener\"><img loading=\"lazy\" decoding=\"async\" width=\"208\" height=\"209\" class=\"wp-image-1651\" style=\"width: 25px\" src=\"https:\/\/webs.uab.cat\/programa-universitat-empresa\/wp-content\/uploads\/sites\/77\/2026\/04\/Linkedin-2.png\" alt=\"\" srcset=\"https:\/\/webs.uab.cat\/programa-universitat-empresa\/wp-content\/uploads\/sites\/77\/2026\/04\/Linkedin-2.png 208w, https:\/\/webs.uab.cat\/programa-universitat-empresa\/wp-content\/uploads\/sites\/77\/2026\/04\/Linkedin-2-150x150.png 150w\" sizes=\"auto, (max-width: 208px) 100vw, 208px\" \/><\/a><br><\/p>\n<cite>20 d&#8217;octubre de 2023<\/cite><\/blockquote>\n\n\n\n<blockquote class=\"wp-block-quote is-style-plain is-layout-flow wp-block-quote-is-layout-flow\">\n<p class=\"wp-block-paragraph\"><em>Cas Incapto i Kokedamas Lucciana<\/em> <br><strong>Arnau Cunill<\/strong> <a href=\"https:\/\/www.linkedin.com\/in\/arnau-cunill-incapto-coffee\/\" target=\"_blank\" rel=\"noreferrer noopener\"><img loading=\"lazy\" decoding=\"async\" width=\"208\" height=\"209\" class=\"wp-image-1651\" style=\"width: 25px\" src=\"https:\/\/webs.uab.cat\/programa-universitat-empresa\/wp-content\/uploads\/sites\/77\/2026\/04\/Linkedin-2.png\" alt=\"\" srcset=\"https:\/\/webs.uab.cat\/programa-universitat-empresa\/wp-content\/uploads\/sites\/77\/2026\/04\/Linkedin-2.png 208w, https:\/\/webs.uab.cat\/programa-universitat-empresa\/wp-content\/uploads\/sites\/77\/2026\/04\/Linkedin-2-150x150.png 150w\" sizes=\"auto, (max-width: 208px) 100vw, 208px\" \/><\/a><br>International &amp; Distribution Manager a Incapto Coffee<\/p>\n<cite>4 de setembre de 2023<\/cite><\/blockquote>\n\n\n\n<blockquote class=\"wp-block-quote is-style-plain is-layout-flow wp-block-quote-is-layout-flow\">\n<p class=\"wp-block-paragraph\"><em>Onalabs. The New Sweat Digital Biomarkers Platform for a new health monitoring paradigm<\/em><br><strong><strong>Elisabeth del Valle<\/strong><\/strong> <a href=\"https:\/\/www.linkedin.com\/in\/elisabetdelvalle\/\" target=\"_blank\" rel=\"noreferrer noopener\"><img loading=\"lazy\" decoding=\"async\" width=\"208\" height=\"209\" class=\"wp-image-1651\" style=\"width: 25px\" src=\"https:\/\/webs.uab.cat\/programa-universitat-empresa\/wp-content\/uploads\/sites\/77\/2026\/04\/Linkedin-2.png\" alt=\"\" srcset=\"https:\/\/webs.uab.cat\/programa-universitat-empresa\/wp-content\/uploads\/sites\/77\/2026\/04\/Linkedin-2.png 208w, https:\/\/webs.uab.cat\/programa-universitat-empresa\/wp-content\/uploads\/sites\/77\/2026\/04\/Linkedin-2-150x150.png 150w\" sizes=\"auto, (max-width: 208px) 100vw, 208px\" \/><\/a><br>Cofundadora i CEO d\u2019Onalabs i professora de la UAB<\/p>\n<cite>14 de mar\u00e7 de 2023<\/cite><\/blockquote>\n\n\n\n<blockquote class=\"wp-block-quote is-style-plain is-layout-flow wp-block-quote-is-layout-flow\">\n<p class=\"wp-block-paragraph\"><em>Lunatic Foods: una start-up que ayuda a frenar el cambio clim\u00e1tico con comida vegana<\/em> <br><strong>Javier Matesanz<\/strong> <a href=\"https:\/\/www.linkedin.com\/in\/javier-matesanz-mestres\/\" target=\"_blank\" rel=\"noreferrer noopener\"><img loading=\"lazy\" decoding=\"async\" width=\"208\" height=\"209\" class=\"wp-image-1651\" style=\"width: 25px\" src=\"https:\/\/webs.uab.cat\/programa-universitat-empresa\/wp-content\/uploads\/sites\/77\/2026\/04\/Linkedin-2.png\" alt=\"\" srcset=\"https:\/\/webs.uab.cat\/programa-universitat-empresa\/wp-content\/uploads\/sites\/77\/2026\/04\/Linkedin-2.png 208w, https:\/\/webs.uab.cat\/programa-universitat-empresa\/wp-content\/uploads\/sites\/77\/2026\/04\/Linkedin-2-150x150.png 150w\" sizes=\"auto, (max-width: 208px) 100vw, 208px\" \/><\/a><br>Fundador i CEO de Lunatic Foods<\/p>\n<cite>7 de mar\u00e7 de 2023<\/cite><\/blockquote>\n\n\n\n<blockquote class=\"wp-block-quote is-style-plain is-layout-flow wp-block-quote-is-layout-flow\">\n<p class=\"wp-block-paragraph\"><em>Qu\u00e8 \u00e9s un Venture Capital Found? Com funciona?<\/em> <br><strong>Pau Mart\u00ednez Carta\u00f1\u00e0<\/strong> <a href=\"https:\/\/www.linkedin.com\/in\/pau-mart%C3%ADnez-carta%C3%B1%C3%A1-a77b7a168\/\" target=\"_blank\" rel=\"noreferrer noopener\"><img loading=\"lazy\" decoding=\"async\" width=\"208\" height=\"209\" class=\"wp-image-1651\" style=\"width: 25px\" src=\"https:\/\/webs.uab.cat\/programa-universitat-empresa\/wp-content\/uploads\/sites\/77\/2026\/04\/Linkedin-2.png\" alt=\"\" srcset=\"https:\/\/webs.uab.cat\/programa-universitat-empresa\/wp-content\/uploads\/sites\/77\/2026\/04\/Linkedin-2.png 208w, https:\/\/webs.uab.cat\/programa-universitat-empresa\/wp-content\/uploads\/sites\/77\/2026\/04\/Linkedin-2-150x150.png 150w\" sizes=\"auto, (max-width: 208px) 100vw, 208px\" \/><\/a><br>Finance &amp; Portfolio Manager d&#8217;Encomenda<\/p>\n<cite>8 de novembre de 2022<\/cite><\/blockquote>\n\n\n\n<blockquote class=\"wp-block-quote is-style-plain is-layout-flow wp-block-quote-is-layout-flow\">\n<p class=\"wp-block-paragraph\"><em>Incapto Coffee. El caf\u00e8 que no es deixa encapsular<\/em> <br><strong>Francesc Font<\/strong> <a href=\"https:\/\/www.linkedin.com\/in\/francescfontcot\/\" target=\"_blank\" rel=\"noreferrer noopener\"><img loading=\"lazy\" decoding=\"async\" width=\"208\" height=\"209\" class=\"wp-image-1651\" style=\"width: 25px\" src=\"https:\/\/webs.uab.cat\/programa-universitat-empresa\/wp-content\/uploads\/sites\/77\/2026\/04\/Linkedin-2.png\" alt=\"\" srcset=\"https:\/\/webs.uab.cat\/programa-universitat-empresa\/wp-content\/uploads\/sites\/77\/2026\/04\/Linkedin-2.png 208w, https:\/\/webs.uab.cat\/programa-universitat-empresa\/wp-content\/uploads\/sites\/77\/2026\/04\/Linkedin-2-150x150.png 150w\" sizes=\"auto, (max-width: 208px) 100vw, 208px\" \/><\/a><br>Co-founder i co-CEO de Incapto Coffee<\/p>\n<cite>8 de setembre de 2022<\/cite><\/blockquote>\n\n\n\n<blockquote class=\"wp-block-quote is-style-plain is-layout-flow wp-block-quote-is-layout-flow\">\n<p class=\"wp-block-paragraph\"><em>S\u00f3c el que vull ser !<\/em> <br><strong>Albert Colomer<\/strong> <a href=\"https:\/\/www.linkedin.com\/in\/albertcolomer\/\" target=\"_blank\" rel=\"noreferrer noopener\"><img loading=\"lazy\" decoding=\"async\" width=\"208\" height=\"209\" class=\"wp-image-1651\" style=\"width: 25px\" src=\"https:\/\/webs.uab.cat\/programa-universitat-empresa\/wp-content\/uploads\/sites\/77\/2026\/04\/Linkedin-2.png\" alt=\"\" srcset=\"https:\/\/webs.uab.cat\/programa-universitat-empresa\/wp-content\/uploads\/sites\/77\/2026\/04\/Linkedin-2.png 208w, https:\/\/webs.uab.cat\/programa-universitat-empresa\/wp-content\/uploads\/sites\/77\/2026\/04\/Linkedin-2-150x150.png 150w\" sizes=\"auto, (max-width: 208px) 100vw, 208px\" \/><\/a><br>President d&#8217;Autoocupaci\u00f3<\/p>\n<cite>21 de Novembre de 2021<\/cite><\/blockquote>\n\n\n\n<blockquote class=\"wp-block-quote is-style-plain is-layout-flow wp-block-quote-is-layout-flow\">\n<p class=\"wp-block-paragraph\"><em>CreActividad &#8211; Ideaci\u00f3n<\/em> <br><strong>Lucho Dom\u00ednguez<\/strong> <a href=\"https:\/\/www.linkedin.com\/in\/luchodominguez\/\" target=\"_blank\" rel=\"noreferrer noopener\"><img loading=\"lazy\" decoding=\"async\" width=\"208\" height=\"209\" class=\"wp-image-1651\" style=\"width: 25px\" src=\"https:\/\/webs.uab.cat\/programa-universitat-empresa\/wp-content\/uploads\/sites\/77\/2026\/04\/Linkedin-2.png\" alt=\"\" srcset=\"https:\/\/webs.uab.cat\/programa-universitat-empresa\/wp-content\/uploads\/sites\/77\/2026\/04\/Linkedin-2.png 208w, https:\/\/webs.uab.cat\/programa-universitat-empresa\/wp-content\/uploads\/sites\/77\/2026\/04\/Linkedin-2-150x150.png 150w\" sizes=\"auto, (max-width: 208px) 100vw, 208px\" \/><\/a><br>Innovation Manager and Design Researcher<\/p>\n<cite>Taller. Octubre 2021<\/cite><\/blockquote>\n\n\n\n<blockquote class=\"wp-block-quote is-style-plain is-layout-flow wp-block-quote-is-layout-flow\">\n<p class=\"wp-block-paragraph\"><em>Pla de Negoci<\/em> <br><strong>Merc\u00e8 Maga\u00f1a<\/strong> <br>Professora del Dept. d&#8217;Empresa de la UAB<\/p>\n<cite>Curs. Setembre 2021<\/cite><\/blockquote>\n\n\n\n<p class=\"wp-block-paragraph\"><\/p>\n","protected":false},"excerpt":{"rendered":"<p>Aquest cicle aborda la innovaci\u00f3 i el proc\u00e9s emprenedor, des de la generaci\u00f3 d&#8217;idees fins la seva consolidaci\u00f3 al mercat. A partir de casos reals i testimonis d&#8217;emprenedors, es treballen aspectes clau com la proposta de valor, els models de negoci i el finan\u00e7ament. El seu objectiu \u00e9s fomentar una mentalitat innovadora, creativa i orientada a l&#8217;acci\u00f3&#8230;<\/p>\n","protected":false},"author":2555,"featured_media":0,"comment_status":"closed","ping_status":"closed","sticky":false,"template":"","format":"standard","meta":{"footnotes":""},"categories":[18],"tags":[33,44,43,34],"class_list":["post-1097","post","type-post","status-publish","format-standard","hentry","category-esdeveniments","tag-conferencies","tag-iniciativa-emprenedora","tag-innovacio","tag-pue-2"],"_links":{"self":[{"href":"https:\/\/webs.uab.cat\/programa-universitat-empresa\/wp-json\/wp\/v2\/posts\/1097","targetHints":{"allow":["GET"]}}],"collection":[{"href":"https:\/\/webs.uab.cat\/programa-universitat-empresa\/wp-json\/wp\/v2\/posts"}],"about":[{"href":"https:\/\/webs.uab.cat\/programa-universitat-empresa\/wp-json\/wp\/v2\/types\/post"}],"author":[{"embeddable":true,"href":"https:\/\/webs.uab.cat\/programa-universitat-empresa\/wp-json\/wp\/v2\/users\/2555"}],"replies":[{"embeddable":true,"href":"https:\/\/webs.uab.cat\/programa-universitat-empresa\/wp-json\/wp\/v2\/comments?post=1097"}],"version-history":[{"count":29,"href":"https:\/\/webs.uab.cat\/programa-universitat-empresa\/wp-json\/wp\/v2\/posts\/1097\/revisions"}],"predecessor-version":[{"id":1886,"href":"https:\/\/webs.uab.cat\/programa-universitat-empresa\/wp-json\/wp\/v2\/posts\/1097\/revisions\/1886"}],"wp:attachment":[{"href":"https:\/\/webs.uab.cat\/programa-universitat-empresa\/wp-json\/wp\/v2\/media?parent=1097"}],"wp:term":[{"taxonomy":"category","embeddable":true,"href":"https:\/\/webs.uab.cat\/programa-universitat-empresa\/wp-json\/wp\/v2\/categories?post=1097"},{"taxonomy":"post_tag","embeddable":true,"href":"https:\/\/webs.uab.cat\/programa-universitat-empresa\/wp-json\/wp\/v2\/tags?post=1097"}],"curies":[{"name":"wp","href":"https:\/\/api.w.org\/{rel}","templated":true}]}}