{"id":1110,"date":"2024-09-06T18:21:59","date_gmt":"2024-09-06T16:21:59","guid":{"rendered":"https:\/\/webs.uab.cat\/redes\/?p=1110"},"modified":"2024-09-06T18:21:59","modified_gmt":"2024-09-06T16:21:59","slug":"curso-de-intervenciones-en-red-para-la-promocion-de-la-salud-en-poblaciones-vulnerables","status":"publish","type":"post","link":"https:\/\/webs.uab.cat\/redes\/2024\/09\/06\/curso-de-intervenciones-en-red-para-la-promocion-de-la-salud-en-poblaciones-vulnerables\/","title":{"rendered":"\u00a0Curso de Intervenciones en Red para la Promoci\u00f3n de la Salud en Poblaciones Vulnerables\u00a0"},"content":{"rendered":"\n<p><\/p>\n\n\n<div class=\"wp-block-image\">\n<figure class=\"alignleft size-full is-resized\"><img loading=\"lazy\" decoding=\"async\" width=\"1024\" height=\"1024\" src=\"https:\/\/webs.uab.cat\/redes\/wp-content\/uploads\/sites\/187\/2024\/09\/interv_en_red.webp\" alt=\"\" class=\"wp-image-1111\" style=\"width:411px;height:auto\" srcset=\"https:\/\/webs.uab.cat\/redes\/wp-content\/uploads\/sites\/187\/2024\/09\/interv_en_red.webp 1024w, https:\/\/webs.uab.cat\/redes\/wp-content\/uploads\/sites\/187\/2024\/09\/interv_en_red-300x300.webp 300w, https:\/\/webs.uab.cat\/redes\/wp-content\/uploads\/sites\/187\/2024\/09\/interv_en_red-150x150.webp 150w, https:\/\/webs.uab.cat\/redes\/wp-content\/uploads\/sites\/187\/2024\/09\/interv_en_red-768x768.webp 768w\" sizes=\"auto, (max-width: 1024px) 100vw, 1024px\" \/><\/figure>\n<\/div>\n\n\n<p>Nos complace anunciar el lanzamiento de nuestro nuevo\u00a0<strong><u><a href=\"https:\/\/urldefense.com\/v3\/__https:\/\/www.uab.cat\/web\/postgrado\/curso-en-intervenciones-en-red-para-la-promocion-de-la-salud-en-poblaciones-vulnerables\/informacion-general-1206597475768.html\/param1-4970_es\/__;!!D9dNQwwGXtA!RuH3STV5web5TtnhZKvqGt3lG-rRHXfrzfVBKrCjKJUfb24M_FRKYiz4g7VO8vdEP-qwtUAxqeiuvn7FDXwU5t8SvkJR_zmz$\">Curso de Intervenciones en Red para la Promoci\u00f3n de la Salud en Poblaciones Vulnerables<\/a><\/u><\/strong>\u00a0en la UAB.<\/p>\n\n\n\n<p>Este curso presencial se llevar\u00e1 a cabo dos veces por semana, los martes y jueves de 16:00 a 20:00 horas, desde noviembre de 2024 hasta finales de enero de 2025.<\/p>\n\n\n\n<p>Est\u00e1 dirigido a estudiantes de posgrado y profesionales de la salud que deseen profundizar en antropolog\u00eda de la salud, investigaci\u00f3n de redes e intervenciones en redes.<\/p>\n\n\n\n<p>Las inscripciones ya est\u00e1n abiertas. Para cualquier consulta, estamos a su disposici\u00f3n para ofrecer asistencia.&nbsp;<a href=\"mailto:chiara.broccatelli@uab.cat\">chiara.broccatelli@uab.cat<\/a><\/p>\n","protected":false},"excerpt":{"rendered":"<p>Nos complace anunciar el lanzamiento de nuestro nuevo\u00a0Curso de Intervenciones en Red para la Promoci\u00f3n de la Salud en Poblaciones Vulnerables\u00a0en la UAB. Este curso presencial se llevar\u00e1 a cabo dos veces por semana, los martes y jueves de 16:00 a 20:00 horas, desde noviembre de 2024 hasta finales de enero de 2025. Est\u00e1 dirigido [&hellip;]<\/p>\n","protected":false},"author":134,"featured_media":0,"comment_status":"closed","ping_status":"closed","sticky":false,"template":"","format":"standard","meta":{"footnotes":""},"categories":[1],"tags":[],"class_list":["post-1110","post","type-post","status-publish","format-standard","hentry","category-general"],"_links":{"self":[{"href":"https:\/\/webs.uab.cat\/redes\/wp-json\/wp\/v2\/posts\/1110","targetHints":{"allow":["GET"]}}],"collection":[{"href":"https:\/\/webs.uab.cat\/redes\/wp-json\/wp\/v2\/posts"}],"about":[{"href":"https:\/\/webs.uab.cat\/redes\/wp-json\/wp\/v2\/types\/post"}],"author":[{"embeddable":true,"href":"https:\/\/webs.uab.cat\/redes\/wp-json\/wp\/v2\/users\/134"}],"replies":[{"embeddable":true,"href":"https:\/\/webs.uab.cat\/redes\/wp-json\/wp\/v2\/comments?post=1110"}],"version-history":[{"count":1,"href":"https:\/\/webs.uab.cat\/redes\/wp-json\/wp\/v2\/posts\/1110\/revisions"}],"predecessor-version":[{"id":1112,"href":"https:\/\/webs.uab.cat\/redes\/wp-json\/wp\/v2\/posts\/1110\/revisions\/1112"}],"wp:attachment":[{"href":"https:\/\/webs.uab.cat\/redes\/wp-json\/wp\/v2\/media?parent=1110"}],"wp:term":[{"taxonomy":"category","embeddable":true,"href":"https:\/\/webs.uab.cat\/redes\/wp-json\/wp\/v2\/categories?post=1110"},{"taxonomy":"post_tag","embeddable":true,"href":"https:\/\/webs.uab.cat\/redes\/wp-json\/wp\/v2\/tags?post=1110"}],"curies":[{"name":"wp","href":"https:\/\/api.w.org\/{rel}","templated":true}]}}