{"id":1267,"date":"2023-03-27T11:01:32","date_gmt":"2023-03-27T09:01:32","guid":{"rendered":"https:\/\/webs.uab.cat\/xipe\/?p=1267"},"modified":"2025-11-10T01:07:10","modified_gmt":"2025-11-09T23:07:10","slug":"ritual-de-pubertad-tikuna","status":"publish","type":"post","link":"https:\/\/webs.uab.cat\/rituals\/ritual-de-pubertad-tikuna\/","title":{"rendered":"Ritual de pubertad ticuna, Amazonia"},"content":{"rendered":"\n<details class=\"wp-block-details is-layout-flow wp-block-details-is-layout-flow\"><summary><sub><sup>Herrera, E. (2014). <em>Ritual de pubertad ticuna a Puerto Esperanza, Amazonas<\/em> [Fotografia]. A S. Cure. (2017). Worek\u00fcchiga. Ritual de la pelaz\u00f3n o de la mo\u00e7a nova. <em>Revista Credencial.<\/em><\/sup><\/sub><\/summary>\n<p><\/p>\n<\/details>\n\n\n\n<p><\/p>\n\n\n\n<p class=\"has-text-align-center\">Ritual descrito y analizado por Selva Sofia Chirif (2017).<\/p>\n\n\n\n<p class=\"has-text-align-center\">Pueblo ticuna, Amazonia.<\/p>\n\n\n\n<div class=\"wp-block-group alignfull has-background-background-color has-background\"><div class=\"wp-block-group__inner-container is-layout-flow wp-block-group-is-layout-flow\">\n<h4 class=\"wp-block-heading alignwide\">Resumen&gt; <\/h4>\n\n\n\n<p><sub>El ritual de pubertad <em>woxrexc\u00fcchiga<\/em> (descrito en las etnograf\u00edas de Camacho, 1995; Goulard, 1994, 2009; Belaunde, 2016a) se celebra entre los ticuna de la Amazonia, pueblo que habita en las provincias de Mariscal Ram\u00f3n Castilla y Putumayo, en Loreto, as\u00ed como en territorios de Colombia y Brasil. El t\u00e9rmino <em>woxrexc\u00fcchiga<\/em> significa \u201cmoza con los senos en brote\u201d y <em>woxrexc\u00fc<\/em> \u201cmujer p\u00faber\u201d e \u201chija de luna\u201d (Camacho, 1995: 8; citado por Belaunde, 2016a: 16). Mediante este ritual, los ticuna buscan asegurar que las j\u00f3venes que han tenido su primera menstruaci\u00f3n transiten adecuadamente a una siguiente etapa de su desarrollo vital y, al mismo tiempo, propiciar el bienestar de sus familiares, de la comunidad y del entorno. Seg\u00fan Belaunde (2016b), el registro de 2014 de la <em>woxrexc\u00fcchiga <\/em>en la Comunidad Nativa de Yahuma Primera Zona constituye un documento excepcional.<\/sub><\/p>\n\n\n\n<h4 class=\"wp-block-heading alignwide\">Categor\u00edas descriptivas&gt;<\/h4>\n\n\n\n<p><sub>Corporalidad, pubertad, humanizaci\u00f3n, distinci\u00f3n, otros seres, ticuna, Amazonia.<\/sub><\/p>\n\n\n\n<h4 class=\"wp-block-heading alignwide\">Descripci\u00f3n etnogr\u00e1fica&gt;<\/h4>\n\n\n\n<p><sub>Durante la primera menstruaci\u00f3n, la <em>woxrexc\u00fc <\/em>(mujer p\u00faber) se encuentra en un estado de maduraci\u00f3n. En estos momentos su <em>pora<\/em> (fuerza) ha disminuido por lo que su <em>a-e<\/em> (principio vital) se encuentra m\u00e1s vulnerable. Adem\u00e1s, todav\u00eda no pertenece al mundo de los humanos. De aqu\u00ed que sea necesaria su reclusi\u00f3n y el no contacto f\u00edsico (Goulard, 2009: 170). Seg\u00fan Belaunde (2016: 35):<\/sub><\/p>\n\n\n\n<blockquote class=\"wp-block-quote is-layout-flow wp-block-quote-is-layout-flow\">\n<p><sub>Seg\u00fan la teor\u00eda yanomami de la concepci\u00f3n, las mujeres menstr\u00faan porque su coraz\u00f3n se carga c\u00edclicamente de un exceso de sangre y se rompe, abri\u00e9ndose unas grietas por las que se escurre la sangre hasta la vagina. Durante la primera regla, pero tambi\u00e9n cada vez que menstr\u00faa, el exceso de sangre coloca a la joven en una situaci\u00f3n de peligro de transformaci\u00f3n que debe ser controlada por medio de la reclusi\u00f3n y las dietas para secar su cuerpo, y evitar que se pudra y que se envejezca prematuramente.<\/sub><\/p>\n<\/blockquote>\n\n\n\n<p><sub>Adem\u00e1s, <em>woxrexc\u00fcchiga<\/em> es un ritual que recrea un episodio contado de la mitolog\u00eda que intenta evitar que los esp\u00edritus enmascarados enga\u00f1en nuevamente a la ni\u00f1a. Tal como Belaunde narra (2016: 39):<\/sub><\/p>\n\n\n\n<blockquote class=\"wp-block-quote is-layout-flow wp-block-quote-is-layout-flow\">\n<p><sub>Pero un d\u00eda en que una ni\u00f1a se encontraba purgando, un esp\u00edritu enmascarado <em>ngoxo<\/em> lleg\u00f3 atra\u00eddo por el olor a sangre. Por ser \u201ctan joven para entender\u201d, ella cometi\u00f3 un error (Goulard 2009: 158; ver Letts en este volumen): le prest\u00f3 atenci\u00f3n y respondi\u00f3 a su llamado, y \u00e9l intercambi\u00f3 su cuerpo por el de ella. La rapt\u00f3. As\u00ed fue como los seres vivientes adquirieron la vejez y el curso de la vida hacia la muerte se instal\u00f3 inexorablemente. Con la introducci\u00f3n de la vejez, los rituales de purga perdieron su eficacia. Tambi\u00e9n qued\u00f3 establecida la diferencia ritual principal entre los hombres y las mujeres: las mujeres menstr\u00faan, los hombres no.<\/sub><\/p>\n\n\n\n<p><sub>Cuando la ni\u00f1a sale del encierro y se enfrenta a los enmascarados que vienen a la fiesta a raptarla, su madre cuida que la corona que le cubre los ojos no se salga del lugar, que la ni\u00f1a no mire alrededor para que no corra el riesgo de ser raptada por los esp\u00edritus. Parece un juego, pero es un momento de gran peligro, solo la ni\u00f1a puede librarse de ellos. Tiene que demostrar que no est\u00e1 dispuesta a dejarse desesperar, enga\u00f1ar o robar f\u00e1cilmente.<\/sub><\/p>\n<\/blockquote>\n\n\n\n<p><sub>Durante la reclusi\u00f3n, la <em>woxrexc\u00fc <\/em>escucha los consejos de su madre y otras mujeres, aprende a tejer, hilar y guarda ayuno. Ellas tambi\u00e9n se encargan de cortarle el pelo. Esto es muy importante ya que supone renovaci\u00f3n y transformaci\u00f3n de la <em>woxrexc\u00fc<\/em>. Tal y como se\u00f1ala Viveiros de Castro, refiri\u00e9ndose a las poblaciones amaz\u00f3nicas: \u201cno hay cambio espiritual que no pase por una transformaci\u00f3n del cuerpo, por una redefinici\u00f3n de sus inclinaciones y capacidades\u201d (2004: 63).<\/sub><\/p>\n\n\n\n<p><sub>El \u00faltimo d\u00eda de la reclusi\u00f3n se prepara una gran fiesta en la que abundan la comida y la bebida. A la fiesta participan los esp\u00edritus <em>ngoxog\u00fc<\/em>, vestidos con su ropa de corteza de \u00e1rbol. Para los ticuna no son disfraces, sino sus cuerpos espirituales: &#8220;quien aparece vestido con una m\u00e1scara de corteza, es un esp\u00edritu venido de otros mundos&#8221; (Belaunde, 2016), asociado a la idea de que la forma material con la que aparecen es un envoltorio que esconde su\u00a0humanidad (Viveiros de Casto, 2004). Los esp\u00edritus que vienen tratan de raptar a la ni\u00f1a para llevarla a su mundo. Sin embargo, al final desisten y se unen la gente para bailar. Es en este momento cuando se disuelve la distancia que los separa de los vivos.<\/sub><\/p>\n\n\n\n<blockquote class=\"wp-block-quote is-layout-flow wp-block-quote-is-layout-flow\">\n<p><sub>Al final, los esp\u00edritus se van satisfechos con el baile y todo se sumerge en el r\u00edo, la ni\u00f1a y los troncos de aguaje del <em>tuxri<\/em>, que le sirvi\u00f3 de capullo. Cuando sale del agua, el negro azulado del tinte de huito la cubre de la cabeza a los pies. Por la primera vez, abre los ojos sin vendas y ve con nuevos ojos el mundo alrededor. Un mundo que, como ella, est\u00e1 renovado. Es el momento de la resoluci\u00f3n del ritual, un momento de alegr\u00eda, pero tambi\u00e9n es un momento que explicita sus limitaciones. El negro del huito que la cubre enteramente cuando concluye el ritual, es la evidencia que su renacimiento es tan solo un ciclo que contrarresta parcialmente la mortalidad.<\/sub><\/p>\n\n\n\n<p><sub>Desde la perspectiva de los ticuna, la pintura corporal con huito tiene m\u00faltiples funciones; protege y blinda el cuerpo contra el ataque de los esp\u00edritus de muerte; elimina los rastros del olor a sangre menstrual; y al mismo tiempo, permite que el cuerpo absorba poderes de vida para renovarse. Pero su funci\u00f3n ritual principal es \u201cborrar\u201d la vejez que qued\u00f3 inscrita en el cuerpo de los seres vivientes desde el fat\u00eddico episodio m\u00edtico* en que la ni\u00f1a respondi\u00f3 el llamado de los esp\u00edritus enmascarados (Goulard 2009: 159). (Belaunde, 2016: 42)<\/sub><\/p>\n<\/blockquote>\n\n\n\n<p><sub>La pintada del cuerpo de la p\u00faber con <em>huito <\/em>se\u00f1ala su renacimiento y su humanizaci\u00f3n. El \u00faltimo d\u00eda de la fiesta, \u201cdespu\u00e9s de bailar con los esp\u00edritus, la ni\u00f1a toma un ba\u00f1o en el r\u00edo y sale del agua con el cuerpo te\u00f1ido de la cabeza a los pies, como una reci\u00e9n nacida\u201d (Belaunde, 2016: 17). El <em>huito<\/em> ocupa un lugar importante en la cosmolog\u00eda ticuna y es utilizado en los rituales de nacimiento y renacimiento. \u201cAl pintarse el cuerpo con genipa, los ticuna se\u00f1alan su estado de seres humanos\u201d (Goulard, 2009: 173). Seg\u00fan la mitolog\u00eda ticuna, ellos nacieron de la carne del fruto del <em>huito<\/em>.<\/sub><\/p>\n\n\n\n<p><\/p>\n\n\n\n<h4 class=\"wp-block-heading alignwide\">Secuencia ritual&gt;<\/h4>\n\n\n\n<figure class=\"wp-block-image alignwide size-full\"><img loading=\"lazy\" decoding=\"async\" width=\"1213\" height=\"561\" src=\"https:\/\/webs.uab.cat\/rituals\/wp-content\/uploads\/sites\/234\/2023\/03\/G_Ticuna.png\" alt=\"\" class=\"wp-image-4218\" srcset=\"https:\/\/webs.uab.cat\/rituals\/wp-content\/uploads\/sites\/234\/2023\/03\/G_Ticuna.png 1213w, https:\/\/webs.uab.cat\/rituals\/wp-content\/uploads\/sites\/234\/2023\/03\/G_Ticuna-300x139.png 300w, https:\/\/webs.uab.cat\/rituals\/wp-content\/uploads\/sites\/234\/2023\/03\/G_Ticuna-1024x474.png 1024w, https:\/\/webs.uab.cat\/rituals\/wp-content\/uploads\/sites\/234\/2023\/03\/G_Ticuna-768x355.png 768w, https:\/\/webs.uab.cat\/rituals\/wp-content\/uploads\/sites\/234\/2023\/03\/G_Ticuna-1200x555.png 1200w\" sizes=\"auto, (max-width: 1213px) 100vw, 1213px\" \/><\/figure>\n\n\n\n<div class=\"wp-block-media-text is-stacked-on-mobile\"><figure class=\"wp-block-media-text__media\"><img loading=\"lazy\" decoding=\"async\" width=\"741\" height=\"352\" src=\"https:\/\/webs.uab.cat\/rituals\/wp-content\/uploads\/sites\/234\/2024\/09\/LlegendaCAST_.png\" alt=\"\" class=\"wp-image-4199 size-full\" srcset=\"https:\/\/webs.uab.cat\/rituals\/wp-content\/uploads\/sites\/234\/2024\/09\/LlegendaCAST_.png 741w, https:\/\/webs.uab.cat\/rituals\/wp-content\/uploads\/sites\/234\/2024\/09\/LlegendaCAST_-300x143.png 300w\" sizes=\"auto, (max-width: 741px) 100vw, 741px\" \/><\/figure><div class=\"wp-block-media-text__content\">\n<p><\/p>\n<\/div><\/div>\n\n\n\n<h4 class=\"wp-block-heading alignwide\">An\u00e1lisis ritual&gt;<\/h4>\n\n\n\n<p><sub>En las ontolog\u00edas amaz\u00f3nicas todos los cuerpos son considerados vestimentas o envoltorios, incluido el del humano. En este sentido, en la cosmolog\u00eda sudamericana el cuerpo es el escenario donde son posibles las transformaciones (Seeger <em>et al<\/em>., 1987). La construcci\u00f3n social del cuerpo marca la alteridad con los seres del cosmos. Esta particularizaci\u00f3n del cuerpo es necesaria para diferenciarla de los cuerpos de otros grupos humanos y de otras especies:<\/sub><\/p>\n\n\n\n<blockquote class=\"wp-block-quote is-layout-flow wp-block-quote-is-layout-flow\">\n<p><sub>\u201cel cuerpo es el instrumento fundamental de expresi\u00f3n del sujeto y, al mismo tiempo, el objeto por excelencia, aquello que se presenta a la mirada del otro\u201d (Viveiros de Casto, 2004: 62).<\/sub><\/p>\n<\/blockquote>\n\n\n\n<p><sub>Un aporte significativo al estudio de la construcci\u00f3n de la persona amerindia es sin duda el de DaMatta en los a\u00f1os 70, quien explica que la persona se configura mediante un proceso de consustancializaci\u00f3n, al compartir sustancias que te hacen parte del mundo humano: comida, fluidos corporales, olores y recuerdos recibidos (Berj\u00f3n y Cadenas, 2014: 10). Esto es precisamente lo que distingue a la persona de los otros seres y lo que la emparenta con los suyos ya que, seg\u00fan Viveiros de Castro (2004), el compartir fluidos corporales, sexuales y alimenticios te relaciona con los tuyos a trav\u00e9s de un proceso activo de parecerse. En este sentido, la comida y los olores son los dos aspectos m\u00e1s importantes en la perspectiva diferenciadora.<\/sub><\/p>\n\n\n\n<blockquote class=\"wp-block-quote is-layout-flow wp-block-quote-is-layout-flow\">\n<p><sub>Por ejemplo, Berj\u00f3n y Cadenas (2014) se\u00f1alan que entre los ind\u00edgenas kukama si una persona cae al r\u00edo y acepta la comida de los <em>yacurunas<\/em> (seres del agua), el cham\u00e1n no podr\u00e1 curarla porque, al aceptarla, cambia de perspectiva, es decir que, al compartir comida con otros seres, pasa al mundo de \u00e9stos y empieza a ver el cosmos desde su perspectiva.<\/sub><\/p>\n<\/blockquote>\n\n\n\n<p><sub>De aqu\u00ed que la enfermedad sea concebida como la captura del alma por los animales que desean hacer de la v\u00edctima su pariente (Vila\u00e7a, 2005: 453). En definitiva, la persona se construye socialmente a trav\u00e9s de compartir sustancias, haciendo necesarios rituales de dieta y de reclusi\u00f3n, purgas, escarificaciones y estados de conciencia alterados para que la recuperaci\u00f3n sea posible (Belaunde, 2008).<\/sub><\/p>\n\n\n\n<p><\/p>\n\n\n\n<p><sub>Siguiendo todos estos principios ontol\u00f3gicos amaz\u00f3nicos, la estructura ritual de pubertad ticuna <em>woxrexc\u00fcchiga<\/em> es clara.<\/sub><\/p>\n\n\n\n<blockquote class=\"wp-block-quote is-layout-flow wp-block-quote-is-layout-flow\">\n<p class=\"has-text-align-left\"><sub>Tiempo 1. La menstruaci\u00f3n es el indicador de que la mujer p\u00faber (<em>woxrexc\u00fc<\/em>) o &#8220;mujer con los senos en brote&#8221; (<em>woxrexc\u00fcchiga<\/em>) es vulnerable. Es decir, se encuentra en un estado de maduraci\u00f3n, al no haber completado todav\u00eda su proceso de <em>consustalizaci\u00f3n<\/em> y no pertenece todav\u00eda al mundo de los humanos. De aqu\u00ed la necesidad de que realice el ritual de pubertad.<\/sub><\/p>\n\n\n\n<p><sub>Tiempos 2 y 3. Es la raz\u00f3n del porqu\u00e9 se abre para ella un tiempo liminal, en el que no es ni humana ni perteneciente a otra categor\u00eda de seres. En este estado, en el que no es nada, entra en un proceso de transformaci\u00f3n, en el cual se <em>consustaliza <\/em>progresivamente: en reclusi\u00f3n, form\u00e1ndose como mujer (Tiempo 2), y en una celebraci\u00f3n en la que come, bebe y baila (Tiempo 3).<\/sub><\/p>\n\n\n\n<p><sub>Tiempo 4. Una vez transformada parcialmente, pintan su cuerpo con <em>huito<\/em>, y as\u00ed la p\u00faber se vincula definitivamente con el mundo de los humanos. Es en ese momento cuando se diferencia del resto de seres, se humaniza, y se convierte en ticuna.<\/sub><\/p>\n<\/blockquote>\n\n\n\n<p><\/p>\n\n\n\n<h4 class=\"wp-block-heading alignwide\">Bibliograf\u00eda&gt;<\/h4>\n\n\n\n<p><sub>Belaunde, L. E. (2008). <em>El recuerdo de Luna. G\u00e9nero, sangre y memoria entre los pueblos amaz\u00f3nicos<\/em> (segunda ed.). CAAAP.<\/sub><\/p>\n\n\n\n<p><sub>Belaunde, L. E., &amp;&nbsp;Karina Sull\u00f3n, P. L. (2016).&nbsp;<em>Woxrexc\u00fcchiga \u2013 El ritual de la pubertad en el pueblo Ticuna<\/em>. Ministerio de Cultura. <a href=\"https:\/\/repositorio.cultura.gob.pe\/bitstream\/handle\/CULTURA\/1546\/Woxrexc%c3%bcchiga%20%e2%80%93%20El%20ritual%20de%20la%20pubertad%20en%20el%20pueblo%20Ticuna%20.pdf?sequence=1&amp;isAllowed=y\">https:\/\/repositorio.cultura.gob.pe\/bitstream\/handle\/CULTURA\/1546\/Woxrexc%c3%bcchiga%20%e2%80%93%20El%20ritual%20de%20la%20pubertad%20en%20el%20pueblo%20Ticuna%20.pdf?sequence=1&amp;isAllowed=y<\/a><\/sub><\/p>\n\n\n\n<p><sub>Berj\u00f3n, M. M., &amp; Cadenas, M. A. (2014). Inestabilidad ontol\u00f3gica: el caso de los kukama de la amazon\u00eda peruana. <em>OALA<\/em>, 1-25. <a href=\"http:\/\/www.oalagustinos.org\/pdf\/2014_15Manuel.pdf\">http:\/\/www.oalagustinos.org\/pdf\/2014_15Manuel.pdf<\/a><\/sub><\/p>\n\n\n\n<p><sub>Chirif, S. S. (2020). El proceso procreativo y la concepci\u00f3n de la persona en el pueblo ticuna del Amazonas peruano.&nbsp;<em>Anthropologica<\/em>,&nbsp;38(45), 219-241. <a href=\"https:\/\/doi.org\/10.18800\/anthropologica.202002.009\">https:\/\/doi.org\/10.18800\/anthropologica.202002.009<\/a><\/sub><\/p>\n\n\n\n<p><sub>Chirif, S. S. (2017). <em>El proceso procreativo y la concepci\u00f3n de la persona en el pueblo ticuna del Amazonas peruano.<\/em>&nbsp;[Trabajo Final de Master, Departamento de Antropolog\u00eda Social y Cultural]. <\/sub><\/p>\n\n\n\n<p><sub>Cure, S. (2017). Worek\u00fcchiga. Ritual de la pelaz\u00f3n o de la mo\u00e7a nova. <em>Revista Credencial<\/em>. <a href=\"https:\/\/www.revistacredencial.com\/historia\/temas\/worekuchiga-ritual-ticuna-de-la-pelazon-o-de-la-moca-nova\">https:\/\/www.revistacredencial.com\/historia\/temas\/worekuchiga-ritual-ticuna-de-la-pelazon-o-de-la-moca-nova<\/a><\/sub><\/p>\n\n\n\n<p><sub>Goulard, J. P. (1994). Los ticuna. A F. Santos, &amp; F. Barclay (Eds.), <em>Gu\u00eda Etnogr\u00e1fica de la Alta Amazon\u00eda<\/em>. FLACSO.<\/sub><\/p>\n\n\n\n<p><sub>Goulard, J. P. (2009). <em>Entre mortales e inmortales. El ser seg\u00fan los ticuna de la Amazon\u00eda<\/em>. CAAAP-IFEA. <a href=\"https:\/\/doi.org\/10.4000\/books.ifea.3927\">https:\/\/doi.org\/10.4000\/books.ifea.3927<\/a><\/sub><\/p>\n\n\n\n<p><sub>Herrera, E. (2014). [Ritual de pubertad ticuna a Puerto Esperanza, Amazonas][Fotografia]. A S. Cure (2017). Worek\u00fcchiga. Ritual de la pelaz\u00f3n o de la mo\u00e7a nova. <em>Revista Credencial<\/em>.<\/sub><\/p>\n\n\n\n<p><sub>Santos, A. (2014). La constituci\u00f3n de na\u00fcne (cuerpo) entre los yunat\u00fcg\u00fc (tikuna). <em>Mundo Amaz\u00f3nico<\/em>, <em>5<\/em>, 327-356. <a href=\"https:\/\/doi.org\/10.15446\/ma.v5.45753\">https:\/\/doi.org\/10.15446\/ma.v5.45753<\/a><\/sub><\/p>\n\n\n\n<p><sub>Seeger, A., Da Matta, R., &amp; Viveiros del Castro, E. (1987). A cons-tru\u00e7\u00e3o da pessoa nas sociedades ind\u00edgenas no Brasil. A J. Oliveira Pacheco (Ed.), <em>Sociedades ind\u00edgenas &amp; indigenismo no Brasil <\/em>(pp. 11-29). UFRJ Marco Zero.<\/sub><\/p>\n\n\n\n<p><sub>Viveiros de Casto, E. (2004). Perspectivismo y multinaturalismo en la Am\u00e9rica Ind\u00edgena. A A. P. Garc\u00eda, &amp; A. Surrall\u00e9s (Eds.), <em>Tierra adentro. Territorio ind\u00edgena y percepci\u00f3n del entorno<\/em> (pp. 37\u201377). IWGIA.<\/sub><\/p>\n\n\n\n<p><\/p>\n\n\n\n<p><\/p>\n\n\n\n<div class=\"wp-block-columns alignwide is-layout-flex wp-container-core-columns-is-layout-9d6595d7 wp-block-columns-is-layout-flex\">\n<div class=\"wp-block-column is-layout-flow wp-block-column-is-layout-flow\" style=\"flex-basis:33.38%\"><\/div>\n\n\n\n<div class=\"wp-block-column is-layout-flow wp-block-column-is-layout-flow\" style=\"flex-basis:33%\"><\/div>\n\n\n\n<div class=\"wp-block-column is-layout-flow wp-block-column-is-layout-flow\" style=\"flex-basis:33.62%\"><\/div>\n<\/div>\n\n\n\n<div class=\"wp-block-columns alignwide is-layout-flex wp-container-core-columns-is-layout-9d6595d7 wp-block-columns-is-layout-flex\">\n<div class=\"wp-block-column is-layout-flow wp-block-column-is-layout-flow\" style=\"flex-basis:67%\"><\/div>\n\n\n\n<div class=\"wp-block-column is-vertically-aligned-center is-layout-flow wp-block-column-is-layout-flow\" style=\"flex-basis:33%\"><\/div>\n<\/div>\n<\/div><\/div>\n","protected":false},"excerpt":{"rendered":"<p>Ritual descrito y analizado por Selva Sofia Chirif (2017). Pueblo ticuna, Amazonia. Resumen&gt; El ritual de pubertad woxrexc\u00fcchiga (descrito en las etnograf\u00edas de Camacho, 1995; Goulard, 1994, 2009; Belaunde, 2016a) se celebra entre los ticuna de la Amazonia, pueblo que habita en las provincias de Mariscal Ram\u00f3n Castilla y Putumayo, en Loreto, as\u00ed como en [&hellip;]<\/p>\n","protected":false},"author":2572,"featured_media":2418,"comment_status":"closed","ping_status":"closed","sticky":false,"template":"","format":"standard","meta":{"footnotes":""},"categories":[1,8],"tags":[],"class_list":["post-1267","post","type-post","status-publish","format-standard","has-post-thumbnail","hentry","category-general","category-rituals"],"_links":{"self":[{"href":"https:\/\/webs.uab.cat\/rituals\/wp-json\/wp\/v2\/posts\/1267","targetHints":{"allow":["GET"]}}],"collection":[{"href":"https:\/\/webs.uab.cat\/rituals\/wp-json\/wp\/v2\/posts"}],"about":[{"href":"https:\/\/webs.uab.cat\/rituals\/wp-json\/wp\/v2\/types\/post"}],"author":[{"embeddable":true,"href":"https:\/\/webs.uab.cat\/rituals\/wp-json\/wp\/v2\/users\/2572"}],"replies":[{"embeddable":true,"href":"https:\/\/webs.uab.cat\/rituals\/wp-json\/wp\/v2\/comments?post=1267"}],"version-history":[{"count":77,"href":"https:\/\/webs.uab.cat\/rituals\/wp-json\/wp\/v2\/posts\/1267\/revisions"}],"predecessor-version":[{"id":5006,"href":"https:\/\/webs.uab.cat\/rituals\/wp-json\/wp\/v2\/posts\/1267\/revisions\/5006"}],"wp:featuredmedia":[{"embeddable":true,"href":"https:\/\/webs.uab.cat\/rituals\/wp-json\/wp\/v2\/media\/2418"}],"wp:attachment":[{"href":"https:\/\/webs.uab.cat\/rituals\/wp-json\/wp\/v2\/media?parent=1267"}],"wp:term":[{"taxonomy":"category","embeddable":true,"href":"https:\/\/webs.uab.cat\/rituals\/wp-json\/wp\/v2\/categories?post=1267"},{"taxonomy":"post_tag","embeddable":true,"href":"https:\/\/webs.uab.cat\/rituals\/wp-json\/wp\/v2\/tags?post=1267"}],"curies":[{"name":"wp","href":"https:\/\/api.w.org\/{rel}","templated":true}]}}