{"id":4317,"date":"2026-01-06T10:17:20","date_gmt":"2026-01-06T10:17:20","guid":{"rendered":"https:\/\/webs.uab.cat\/saramartinalegre\/?p=4317"},"modified":"2026-01-06T10:18:31","modified_gmt":"2026-01-06T10:18:31","slug":"un-mal-comienzo-para-mi-ano-como-lectora","status":"publish","type":"post","link":"https:\/\/webs.uab.cat\/saramartinalegre\/2026\/01\/06\/un-mal-comienzo-para-mi-ano-como-lectora\/","title":{"rendered":"UN MAL COMIENZO PARA MI A\u00d1O COMO LECTORA&#8230;"},"content":{"rendered":"\n<p class=\"wp-block-paragraph\">El 1 de enero le\u00ed de una tacada las memorias de Caroline Darian (traducidas al castellano por Lydia V\u00e1zquez) <em>Y dej\u00e9 de llamarte papa<\/em> (2025, <em>Et j&#8217;ai cess\u00e9 de t&#8217;appeler Papa<\/em>). El apellido real de Caroline es Pelicot, pero en este emotivo libro utiliza una mezcla de los nombres de sus hermanos (David y Florian) para narrar c\u00f3mo su monstruoso padre destruy\u00f3 a su familia al someter, bajo sumisi\u00f3n qu\u00edmica, a su esposa Gis\u00e8le a cientos de violaciones, por su parte y la de otros 73 hombres (50 de los cuales han sido condenados). Caroline y Gis\u00e8le no se hablan, ya que la madre es incapaz de aceptar que la hija fue, si no violada, al menos violentada por Dominique, el padre (la polic\u00eda les mostr\u00f3 a ambas fotos que demuestran que la joven tambi\u00e9n es una v\u00edctima). Encontr\u00e9 el breve libro de Caroline audaz, bien escrito y necesario. Tambi\u00e9n tengo la intenci\u00f3n de leer las memorias de Gis\u00e8le, no por morbosa curiosidad sino como estudiosa de la villan\u00eda patriarcal masculina.<\/p>\n\n\n\n<p class=\"wp-block-paragraph\">&nbsp;&nbsp;&nbsp;&nbsp;&nbsp;&nbsp;&nbsp;&nbsp;&nbsp; As\u00ed que 2026 empez\u00f3 muy bien, pero mi selecci\u00f3n de lecturas empeor\u00f3 muy r\u00e1pidamente. Debo haber batido un r\u00e9cord personal porque ayer renunci\u00e9 a siete novelas (afortunadamente para m\u00ed, todas ellas tomadas prestadas de mi biblioteca local). He decidido no mencionar t\u00edtulos ni nombres de autores, porque mis dificultades para encontrar libros atractivos podr\u00edan deberse m\u00e1s a mis problemas para centrarme en la ficci\u00f3n que a las novelas en s\u00ed.<\/p>\n\n\n\n<p class=\"wp-block-paragraph\">&nbsp;&nbsp;&nbsp;&nbsp;&nbsp;&nbsp;&nbsp;&nbsp;&nbsp; Despu\u00e9s de las memorias de Darian, empec\u00e9 a leer una novela muy bien recibida en 2013 escrita por una autora surcoreana (no, no es la ganadora del Nobel Han Kang) que trata sobre una empleada de una agencia de viajes especializada en turismo de desastres. La novela empez\u00f3 bien, pero a mitad de camino la trama empez\u00f3 a flaquear. La novelista hace que su protagonista coreana se enamore de un joven habitante de una isla vietnamita, lo cual en principio era una buena idea, pero su romance comienza de forma muy abrupta que lo hace poco cre\u00edble; adem\u00e1s, la escritora olvida aclarar en qu\u00e9 idioma hablan sus personajes (parece que la protagonista aprende vietnamita de un d\u00eda al otro). Absurdamente, esta mujer no cuestiona un complot para asesinar a cientos de isle\u00f1os en una falsa cat\u00e1strofe destinada a aumentar los menguantes ingresos de la isla, que vive de un desastre anterior que atrae cada vez menos turistas. Le\u00ed un poco m\u00e1s, pero no pude tragar las \u00faltimas 25 p\u00e1ginas de solo 200. Ni siquiera para a\u00f1adir otro t\u00edtulo m\u00e1s a mi lista personal de lecturas. Debe ser la primera vez que no consigo terminar una novela tan cerca del final. Es frustrante porque no he ganado nada intentando leer esta novela, salvo tener un tema para este p\u00e1rrafo.<\/p>\n\n\n\n<p class=\"wp-block-paragraph\">&nbsp;&nbsp;&nbsp;&nbsp;&nbsp;&nbsp;&nbsp;&nbsp;&nbsp; Al d\u00eda siguiente, empec\u00e9 un volumen de no ficci\u00f3n escrito por un historiador de la ciencia espa\u00f1ol <a href=\"https:\/\/www.cchs.csic.es\/es\/personal\/juan-felix-pimentel-igea\">Juan Pimentel<\/a>, titulado <a href=\"https:\/\/abadaeditores.com\/brand\/134-juan-pimentel\"><em>El rinoceronte y el megaterio<\/em><\/a> (2010). Soy una lectora muy omn\u00edvora y este libro promete ser uno de mis favoritos de 2026. Sin embargo, es un poco denso, y tras leer 50 p\u00e1ginas sin pesta\u00f1ear decid\u00ed parar y empezar a leer una novela, y fue entonces cuando lleg\u00f3 el cataclismo. Pas\u00e9 m\u00e1s de tres horas leyendo los primeros cap\u00edtulos de seis de las siete novelas y, lo siento, leyendo tambi\u00e9n innumerables cr\u00edticas negativas en GoodReads.<\/p>\n\n\n\n<p class=\"wp-block-paragraph\">Empec\u00e9 con una breve novela de una aclamada novelista danesa, que ha anunciado su intenci\u00f3n de publicar siete vol\u00famenes de la misma serie. El problema es que esta mujer no ha visto la brillante pel\u00edcula de Harold Ramis de 1993<em>, Atrapado en el tiempo<\/em>, ni tampoco, aparentemente, los cr\u00edticos que creen que ha dado con una premisa original. Pues no es el caso. Su protagonista, que dirige un negocio de venta de libros del siglo XVII junto a su marido, de repente se encuentra atrapada en el mismo d\u00eda una y otra vez. No es un d\u00eda especialmente apasionante y ella es una mujer singularmente sosa. Me llev\u00f3 unas 30 p\u00e1ginas aburrirme hasta la extenuaci\u00f3n (y eso que era un volumen bastante corto) y me rend\u00ed. Tambi\u00e9n abandon\u00e9 una novela de otro escritor n\u00f3rdico, en este caso sueco, que seg\u00fan se dice es el comienzo de una saga muy divertida. Tras leer veinte p\u00e1ginas de la traducci\u00f3n al ingl\u00e9s, ya vi que era una novela muy poco graciosa, o un tipo de humor que no entend\u00eda.<\/p>\n\n\n\n<p class=\"wp-block-paragraph\">&nbsp;&nbsp;&nbsp;&nbsp;&nbsp;&nbsp;&nbsp;&nbsp;&nbsp; Acto seguido, ya que ten\u00eda a\u00fan ganas de leer, tom\u00e9 un cl\u00e1sico menor de ciencia ficci\u00f3n estadounidense de 1971, que descart\u00e9 r\u00e1pidamente cuando el protagonista masculino empieza a presumir de poder elegir entre tres j\u00f3venes y hermosas mujeres enamoradas de \u00e9l (que se pelean como gatas en celo por su atenci\u00f3n). No, gracias. As\u00ed que prob\u00e9 una novela hist\u00f3rica muy larga de un autor ingl\u00e9s superventas, con decenas de personajes de varias familias, y lo suficientemente ambiciosa como para intentar narrar tanto la Primera Guerra Mundial como la Revoluci\u00f3n Rusa. Empec\u00e9 a leer y en el primer cap\u00edtulo encontr\u00e9 una copia descarada de la novela de Richard Llewellyn <em>Qu\u00e9 verde era mi valle<\/em>, excepto que esta nueva novela empieza con un ni\u00f1o de 13 a\u00f1os preocupado porque su \u2018peter\u2019 a\u00fan no es el de un hombre (es el d\u00eda de su cumplea\u00f1os y tambi\u00e9n el primero que pasa trabajando en las minas de su ciudad natal galesa). No, gracias. Adem\u00e1s, este famoso escritor utiliza una prosa muy ins\u00edpida y trata a sus lectores como idiotas que no tienen ni idea de historia y ni siquiera de cultura en general.<\/p>\n\n\n\n<p class=\"wp-block-paragraph\">&nbsp;&nbsp;&nbsp;&nbsp;&nbsp;&nbsp;&nbsp;&nbsp;&nbsp; Despu\u00e9s, abandon\u00e9 una novela muy aclamada de un joven novelista espa\u00f1ol, que ya hab\u00eda intentado leer hace un mes. La volv\u00ed a tomar prestada de la biblioteca tras leer que este joven est\u00e1 siendo acosado en internet por ser gay y por su ecu\u00e1nime enfoque sobre la Guerra Civil espa\u00f1ola en esta novela. Ni siquiera la empec\u00e9. Una cr\u00edtica brutal en GoodReads la destroza de tal manera que decid\u00ed no intentar leerla otra vez. La idea de usar el realismo m\u00e1gico para narrar la tr\u00e1gica Guerra Civil espa\u00f1ola ya no me atra\u00eda mucho, y este rese\u00f1a de GoodReads me convenci\u00f3 de que, incluso si lograba empezar la novela, no leer\u00eda todas sus 700 p\u00e1ginas. No habr\u00e1 tercer intento de momento.<\/p>\n\n\n\n<p class=\"wp-block-paragraph\">As\u00ed que recurr\u00ed a una novela espa\u00f1ola algo m\u00e1s antigua, publicada en 2007 y hoy aclamada como una de las mejores obras del siglo XXI en Espa\u00f1a. El problema de esta novela es t\u00edpico de la literatura espa\u00f1ola: el mon\u00f3logo interior debe reflejar la personalidad del personaje y excluir cualquier adorno literario del autor. Sin embargo, este personaje, un constructor corrupto de la costa mediterr\u00e1nea, piensa como un novelista literario. El autor abruma a los lectores con p\u00e1ginas y p\u00e1ginas y p\u00e1ginas de los pensamientos banales del tipo, salpicados de frases emperejiladas, y sin p\u00e1rrafos. Parece que los mon\u00f3logos posteriores de otros personajes ni siquiera tienen puntuaci\u00f3n, pero par\u00e9 de leer antes de someterme a este tipo de tortura postmoderna.<\/p>\n\n\n\n<p class=\"wp-block-paragraph\">&nbsp;&nbsp;&nbsp;&nbsp;&nbsp;&nbsp;&nbsp;&nbsp;&nbsp; Finalmente, abandon\u00e9 una novela de un reconocido novelista irland\u00e9s por una raz\u00f3n similar. La novela combina el diario secreto de una mujer de 100 a\u00f1os encerrada en un psiqui\u00e1trico desde su juventud, y los informes de su psiquiatra, quien debe elegir qu\u00e9 pacientes deben ser trasladados a otro lugar antes de que cierre la degradada instituci\u00f3n. En seguida vi c\u00f3mo est\u00e1n conectados estos dos personajes m\u00e1s all\u00e1 de su relaci\u00f3n como m\u00e9dico y paciente, pero, bueno, no me importan los esp\u00f3ilers. Lo que mat\u00f3 mi inter\u00e9s fue que no pod\u00eda suspender mi incredulidad y aceptar que lo que ofrece este novelista corresponde a c\u00f3mo escribir\u00eda una mujer muy mayor, desconectada de la vida mundana durante mucho tiempo. Adem\u00e1s, la idea de que pudiera escribir durante horas sin que nadie la descubra es simplemente absurda.<\/p>\n\n\n\n<p class=\"wp-block-paragraph\">&nbsp;&nbsp;&nbsp;&nbsp;&nbsp;&nbsp;&nbsp;&nbsp;&nbsp; Cuando dej\u00e9 de leer esta novela, ya pasada la medianoche, no volv\u00ed al ensayo de Pimentel, que seguir\u00e9 leyendo en cuanto termine de escribir esta entrada.<\/p>\n\n\n\n<p class=\"wp-block-paragraph\">&nbsp;&nbsp;&nbsp;&nbsp;&nbsp;&nbsp;&nbsp;&nbsp;&nbsp; Siempre que cuento a mis amigos mis problemas para encontrar novelas atractivas, me recomiendan algunas que les han gustado, pero eso no me ayuda. Todas las novelas que he descrito aqu\u00ed me fueron recomendadas, de una forma u otra, tanto por cr\u00edticos profesionales como aficionados. Quiz\u00e1 el problema sea que la raz\u00f3n por la que leo y la raz\u00f3n por la que los novelistas escriben ya no coinciden.<\/p>\n\n\n\n<p class=\"wp-block-paragraph\">Leo para aprender en general sobre la vida y, espec\u00edficamente, para compartir experiencias humanas. Por contra, los novelistas parecen estar m\u00e1s bien centrados en sus propias carreras, las vean como un negocio comercial o como un proceso creativo, y no parecen muy interesados en llegarles a los lectores. Por razones muy diferentes, Caroline Darian y Juan Pimentel s\u00ed quieren comunicarse con sus lectores: ella por razones personales dolorosas, \u00e9l porque est\u00e1 fascinado por un tema dentro de su \u00e1rea profesional. Ya no encuentro esa urgencia ni pasi\u00f3n en las novelas. Me parecen insustanciales, especialmente las publicadas en las \u00faltimas d\u00e9cadas, que, adem\u00e1s, suelen estar muy sobrevaloradas por la industria editorial y por los lectores, siempre a la b\u00fasqueda de la gran novela. Y me aburren soberanamente.<\/p>\n\n\n\n<p class=\"wp-block-paragraph\">&nbsp;&nbsp;&nbsp;&nbsp;&nbsp;&nbsp;&nbsp;&nbsp;&nbsp; Posiblemente, esta sea la maldici\u00f3n del lector s\u00e9nior, porque cuanto m\u00e1s lees, m\u00e1s dif\u00edcil es encontrar una novela del todo satisfactoria (\u00a1menos mal que tenemos escritores de no ficci\u00f3n!). Con todo, no s\u00e9 decir qu\u00e9 es lo que busco en una novela. No es, definitivamente, un tema particular, porque, como he dicho, soy muy omn\u00edvora. Ni un estilo. Simplemente no quiero notar que estoy leyendo. Quiero desaparecer en las novelas que leo y evitar el dichoso aburrimiento. Y quiero dejar de estar de acuerdo con las rese\u00f1as negativas en GoodReads. O la novela est\u00e1 muriendo en el siglo XXI o he perdido totalmente el gusto por este g\u00e9nero. Posiblemente sea una mezcla de ambos&#8230;<\/p>\n\n\n\n<p class=\"wp-block-paragraph\">&nbsp;&nbsp;&nbsp;&nbsp;&nbsp;&nbsp;&nbsp;&nbsp;&nbsp; \u00bfNo ten\u00e9is curiosidad por los t\u00edtulos y autores de las siete novelas que dej\u00e9 en una misma noche&#8230;? \u00bfO ya hab\u00e9is adivinado cu\u00e1les son?<\/p>\n","protected":false},"excerpt":{"rendered":"<p>El 1 de enero le\u00ed de una tacada las memorias de Caroline Darian (traducidas al castellano por Lydia V\u00e1zquez) Y dej\u00e9 de llamarte papa (2025, Et j&#8217;ai cess\u00e9 de t&#8217;appeler Papa). El apellido real de Caroline es Pelicot, pero en este emotivo libro utiliza una mezcla de los nombres de sus hermanos (David y Florian) [&hellip;]<\/p>\n","protected":false},"author":98,"featured_media":0,"comment_status":"closed","ping_status":"closed","sticky":false,"template":"","format":"standard","meta":{"footnotes":""},"categories":[798,807,18,1138],"tags":[1027,1054,1262],"class_list":["post-4317","post","type-post","status-publish","format-standard","hentry","category-critica-literaria","category-estudios-literarios","category-general","category-literatura-contemporanea","tag-aburrimiento","tag-lectura","tag-novela"],"_links":{"self":[{"href":"https:\/\/webs.uab.cat\/saramartinalegre\/wp-json\/wp\/v2\/posts\/4317","targetHints":{"allow":["GET"]}}],"collection":[{"href":"https:\/\/webs.uab.cat\/saramartinalegre\/wp-json\/wp\/v2\/posts"}],"about":[{"href":"https:\/\/webs.uab.cat\/saramartinalegre\/wp-json\/wp\/v2\/types\/post"}],"author":[{"embeddable":true,"href":"https:\/\/webs.uab.cat\/saramartinalegre\/wp-json\/wp\/v2\/users\/98"}],"replies":[{"embeddable":true,"href":"https:\/\/webs.uab.cat\/saramartinalegre\/wp-json\/wp\/v2\/comments?post=4317"}],"version-history":[{"count":1,"href":"https:\/\/webs.uab.cat\/saramartinalegre\/wp-json\/wp\/v2\/posts\/4317\/revisions"}],"predecessor-version":[{"id":4318,"href":"https:\/\/webs.uab.cat\/saramartinalegre\/wp-json\/wp\/v2\/posts\/4317\/revisions\/4318"}],"wp:attachment":[{"href":"https:\/\/webs.uab.cat\/saramartinalegre\/wp-json\/wp\/v2\/media?parent=4317"}],"wp:term":[{"taxonomy":"category","embeddable":true,"href":"https:\/\/webs.uab.cat\/saramartinalegre\/wp-json\/wp\/v2\/categories?post=4317"},{"taxonomy":"post_tag","embeddable":true,"href":"https:\/\/webs.uab.cat\/saramartinalegre\/wp-json\/wp\/v2\/tags?post=4317"}],"curies":[{"name":"wp","href":"https:\/\/api.w.org\/{rel}","templated":true}]}}