{"id":452,"date":"2025-03-18T13:09:09","date_gmt":"2025-03-18T11:09:09","guid":{"rendered":"https:\/\/webs.uab.cat\/seaaq\/?p=452"},"modified":"2025-03-18T13:29:42","modified_gmt":"2025-03-18T11:29:42","slug":"452","status":"publish","type":"post","link":"https:\/\/webs.uab.cat\/seaaq\/2025\/03\/18\/452\/","title":{"rendered":"MICRO2024"},"content":{"rendered":"\n<p class=\"has-text-align-center\"><strong>La ingesta de micropl\u00e0stics en esp\u00e8cies claus del Mediterrani: un estudi experimental amb sardines que revela com el comportament alimentari i la temperatura influeixen en la ingesta i nous patrons espaials i temporals en la ingesta en crustacis de mar profund.<\/strong><\/p>\n\n\n\n<p>El nostre grup de recerca ha tingut l&#8217;oportunitat de participar en el congr\u00e9s internacional MICRO 2024, un esdeveniment clau per compartir aven\u00e7os en l&#8217;estudi de la contaminaci\u00f3 per micropl\u00e0stics. En aquesta edici\u00f3, vam contribuir amb una comunicaci\u00f3 oral i dos p\u00f2sters, posant el focus en els impactes dels micropl\u00e0stics en la fauna marina del Mediterrani.<\/p>\n\n\n\n<h2 class=\"wp-block-heading\">L&#8217;impacte dels micropl\u00e0stics en la sardina<\/h2>\n\n\n\n<p class=\"has-text-align-left has-small-font-size\" style=\"font-style:italic;font-weight:200\">Oriol Rodr\u00edguez-Romeu, Mar\u00eda Constenla, Anna Soler-Membrives, Gilbert Dutto, Claire Saraux, and Quentin Schull. 2024. Soup of fish and plastic: Unraveling plastic fiber ingestion and feeding behaviour effects in European sardine (Sardina pilchardus). International conference MICRO 2024: Plastic pollution from macro to nano. 23-27 September, Lanzarote (Spain). sciencesconf.org:micro2024:558806. <\/p>\n\n\n\n<p class=\"has-text-align-left\">La sardina europea (Sardina pilchardus) ha experimentat un fort declivi en les seves poblacions salvatges, especialment a causa de canvis en la comunitat planct\u00f2nica relacionats amb el canvi clim\u00e0tic. Aquests canvis han afectat el seu comportament alimentari, fent que depenguin m\u00e9s de l&#8217;alimentaci\u00f3 per filtraci\u00f3. En aquest context, el nostre estudi ha desenvolupat un sistema experimental innovador per analitzar la ingest\u00f3 de fibres pl\u00e0stiques en sardines en condicions controlades. Els resultats van mostrar que les sardines que s&#8217;alimenten per filtraci\u00f3 ingereixen moltes m\u00e9s fibres (4.95 fibres\/individu de mitjana) que aquelles que s&#8217;alimenten de manera selectiva (0.6 fibres\/individu). A m\u00e9s, les sardines filtradores van experimentar una reducci\u00f3 en la seva condici\u00f3 corporal, principalment per la menor ingesta d&#8217;aliment. Tot i aix\u00f2, les temperatures elevades van accelerar l&#8217;expulsi\u00f3 de fibres en aquests individus. Aquestes troballes suggereixen que la combinaci\u00f3 entre contaminaci\u00f3 per fibres pl\u00e0stiques i alteracions en el fitopl\u00e0ncton pot posar en risc la salut de les poblacions de sardines en el medi natural.<\/p>\n\n\n\n<p>Aquest estudi ha estat publicat a <em>Environmental Pollution<\/em>, consulta&#8217;l aqu\u00ed:<\/p>\n\n\n\n<div class=\"wp-block-buttons is-content-justification-right is-layout-flex wp-container-core-buttons-is-layout-765c4724 wp-block-buttons-is-layout-flex\">\n<div class=\"wp-block-button\"><a class=\"wp-block-button__link wp-element-button\" href=\"https:\/\/www.sciencedirect.com\/science\/article\/pii\/S0269749124017500\" target=\"_blank\" rel=\"noreferrer noopener\">Veure publicaci\u00f3<\/a><\/div>\n<\/div>\n\n\n\n<h2 class=\"wp-block-heading\">Comparativa en la ingesta de micropl\u00e0stics en crustacis del Mediterrani<\/h2>\n\n\n\n<p class=\"has-text-align-left\"><em>Mar\u00eda Ariadna Red\u00f3n-Morte, Lorenzo Chiacchio, Alessandro Cau, Oriol Rodr\u00edguez-Romeu, Anna Soler-Membrives, Ester Carreras-Colom<\/em>.<em> 2024. <\/em>Monitoring plastics in the Mediterranean Sea with an emerging commercial species, the deep-water rose<br>shrimp (Parapenaeus longirostris).<em>  MICRO 2024: Plastic pollution from macro to nano. 23-27 September, Lanzarote (Spain). sciencesconf.org:micro2024:558825<\/em><\/p>\n\n\n\n<p>Aquest estudi, dut a terme en col\u00b7laboraci\u00f3 amb la Universit\u00e0 degli Studi di Cagliari, ha analitzat la pres\u00e8ncia de micropl\u00e0stics en quatre esp\u00e8cies de crustacis dec\u00e0podes a les aig\u00fces profundes del Mediterrani, comparant mostres del mar de Sardenya (It\u00e0lia) i de Catalunya (Espanya). De les 210 mostres analitzades, el 70% contenia micropl\u00e0stics, principalment fibres d&#8217;entre 0.37 i 32.83 mm. Es van detectar difer\u00e8ncies significatives entre regions, amb els individus catalans mostrant fins a tres vegades m\u00e9s contaminaci\u00f3 que els de Sardenya. Tamb\u00e9 es van observar difer\u00e8ncies entre esp\u00e8cies dins de cada regi\u00f3, destacant <em>Nephrops norvegicus<\/em> a Sardenya i <em>Aristeus antennatus<\/em> a Catalunya com les esp\u00e8cies amb majors nivells de micropl\u00e0stics. Aquest treball subratlla la ubiqu\u00eftat dels micropl\u00e0stics als ecosistemes bent\u00f2nics i la seva relaci\u00f3 amb l&#8217;activitat humana de les zones costaneres.<\/p>\n\n\n\n<figure class=\"wp-block-image size-large\"><img decoding=\"async\" src=\"https:\/\/webs.uab.cat\/curs-ester-carreras\/wp-content\/uploads\/sites\/631\/2025\/03\/Poster-MICRO2024_Sept112_LC_page-0001-724x1024.jpg\" alt=\"\" class=\"wp-image-48\" \/><\/figure>\n\n\n\n<p>Aquest estudi ha estat publicat a <em>Environmental Research<\/em>, consulta&#8217;l aqu\u00ed: <\/p>\n\n\n\n<div class=\"wp-block-buttons is-content-justification-right is-layout-flex wp-container-core-buttons-is-layout-765c4724 wp-block-buttons-is-layout-flex\">\n<div class=\"wp-block-button\"><a class=\"wp-block-button__link wp-element-button\" href=\"https:\/\/www.sciencedirect.com\/science\/article\/abs\/pii\/S0013935125002130\" target=\"_blank\" rel=\"noreferrer noopener\">Veure publicaci\u00f3<\/a><\/div>\n<\/div>\n\n\n\n<h2 class=\"wp-block-heading\">Seguiment anual de la ingesta de micropl\u00e0stics en gamba blanca del Mediterrani<\/h2>\n\n\n\n<p class=\"has-text-align-left\"><em>Microplastics ingestion by deep-sea decapod crustaceans from the Western Mediterranean. MICRO 2024: Plastic pollution from macro to nano. 23-27 September, Lanzarote (Spain). sciencesconf.org:micro2024:55859<\/em><\/p>\n\n\n\n<p class=\"has-text-align-left\">La gamba blanca (<em>Parapenaeus longirostris<\/em>) \u00e9s un crustaci amb creixent import\u00e0ncia ecol\u00f2gica i comercial que ha rebut poca atenci\u00f3 en estudis sobre micropl\u00e0stics. En aquest treball, en col\u00b7laboraci\u00f3 amb la Universit\u00e0 degli Studi di Cagliari, s&#8217;ha investigat la variaci\u00f3 estacional en la ingest\u00f3 de micropl\u00e0stics en aquesta esp\u00e8cie durant un any a la costa de Barcelona, entre 200 i 500 m de profunditat. M\u00e9s del 80% dels individus contenien micropl\u00e0stics, amb una mitjana de 3.6 fibres per individu, d&#8217;entre 0.4 i 16.6 mm de longitud. A m\u00e9s, el 50% dels exemplars presentaven acumulacions de fibres embolicades en forma de boles de fins a 2 mm de di\u00e0metre. Malgrat aquesta elevada pres\u00e8ncia de micropl\u00e0stics, no es van observar efectes clars sobre la condici\u00f3 dels individus. Els resultats reforcen la necessitat de monitoritzar aquesta esp\u00e8cie com a bioindicador de la contaminaci\u00f3 per micropl\u00e0stics al Mediterrani.<\/p>\n\n\n\n<figure class=\"wp-block-image size-large\"><img decoding=\"async\" src=\"https:\/\/webs.uab.cat\/curs-ester-carreras\/wp-content\/uploads\/sites\/631\/2025\/03\/POSTER-DEFINITIU-MICRO_page-0001-724x1024.jpg\" alt=\"\" class=\"wp-image-26\" \/><\/figure>\n\n\n\n<p><\/p>\n","protected":false},"excerpt":{"rendered":"<p>La ingesta de micropl\u00e0stics en esp\u00e8cies claus del Mediterrani: un estudi experimental amb sardines que revela com el comportament alimentari i la temperatura influeixen en la ingesta i nous patrons espaials i temporals en la ingesta en crustacis de mar profund. El nostre grup de recerca ha tingut l&#8217;oportunitat de participar en el congr\u00e9s internacional [&hellip;]<\/p>\n","protected":false},"author":2973,"featured_media":0,"comment_status":"closed","ping_status":"closed","sticky":false,"template":"","format":"standard","meta":{"footnotes":""},"categories":[9,6],"tags":[],"class_list":["post-452","post","type-post","status-publish","format-standard","hentry","category-congressos","category-divulgacio"],"_links":{"self":[{"href":"https:\/\/webs.uab.cat\/seaaq\/wp-json\/wp\/v2\/posts\/452","targetHints":{"allow":["GET"]}}],"collection":[{"href":"https:\/\/webs.uab.cat\/seaaq\/wp-json\/wp\/v2\/posts"}],"about":[{"href":"https:\/\/webs.uab.cat\/seaaq\/wp-json\/wp\/v2\/types\/post"}],"author":[{"embeddable":true,"href":"https:\/\/webs.uab.cat\/seaaq\/wp-json\/wp\/v2\/users\/2973"}],"replies":[{"embeddable":true,"href":"https:\/\/webs.uab.cat\/seaaq\/wp-json\/wp\/v2\/comments?post=452"}],"version-history":[{"count":7,"href":"https:\/\/webs.uab.cat\/seaaq\/wp-json\/wp\/v2\/posts\/452\/revisions"}],"predecessor-version":[{"id":459,"href":"https:\/\/webs.uab.cat\/seaaq\/wp-json\/wp\/v2\/posts\/452\/revisions\/459"}],"wp:attachment":[{"href":"https:\/\/webs.uab.cat\/seaaq\/wp-json\/wp\/v2\/media?parent=452"}],"wp:term":[{"taxonomy":"category","embeddable":true,"href":"https:\/\/webs.uab.cat\/seaaq\/wp-json\/wp\/v2\/categories?post=452"},{"taxonomy":"post_tag","embeddable":true,"href":"https:\/\/webs.uab.cat\/seaaq\/wp-json\/wp\/v2\/tags?post=452"}],"curies":[{"name":"wp","href":"https:\/\/api.w.org\/{rel}","templated":true}]}}