{"id":102,"date":"2019-07-07T13:51:37","date_gmt":"2019-07-07T11:51:37","guid":{"rendered":"https:\/\/blogs-prv.uab.cat\/transparencia\/?p=102"},"modified":"2023-05-16T14:10:32","modified_gmt":"2023-05-16T12:10:32","slug":"que-es-un-encarregat-del-tractament","status":"publish","type":"post","link":"https:\/\/webs.uab.cat\/transparencia\/2019\/07\/07\/que-es-un-encarregat-del-tractament\/","title":{"rendered":"Qu\u00e8 \u00e9s un encarregat del tractament?"},"content":{"rendered":"<p>Un encarregat del tractament \u00e9s qualsevol persona f\u00edsica o jur\u00eddica que tracta dades personals per compte o per enc\u00e0rrec del responsable del tractament. Aix\u00ed, \u00e9s un encarregat del tractament una empresa subministradora de software que, per fer tasques de manteniment o reparaci\u00f3 ha d\u2019accedir a les dades de car\u00e0cter personal que t\u00e9 la UAB; o les empreses contractades per realitzar enquestes en nom de la UAB.<\/p>\n<p>La relaci\u00f3 entre el responsable i l\u2019encarregat del tractament s\u2019ha de formalitzar en un contracte, conveni o acord amb el contingut que exigeix, com a m\u00ednim, l\u2019article 28 del RGPD.<\/p>\n","protected":false},"excerpt":{"rendered":"<p>Un encarregat del tractament \u00e9s qualsevol persona f\u00edsica o jur\u00eddica que tracta dades personals per compte o per enc\u00e0rrec del responsable del tractament. Aix\u00ed, \u00e9s un encarregat del tractament una empresa subministradora de software que, per fer tasques de manteniment o reparaci\u00f3 ha d\u2019accedir a les dades de car\u00e0cter personal que t\u00e9 la UAB; o [&hellip;]<\/p>\n","protected":false},"author":1729,"featured_media":0,"comment_status":"open","ping_status":"open","sticky":false,"template":"","format":"standard","meta":{"footnotes":""},"categories":[1],"tags":[25,46],"class_list":["post-102","post","type-post","status-publish","format-standard","hentry","category-general","tag-definicions","tag-marc-legal"],"_links":{"self":[{"href":"https:\/\/webs.uab.cat\/transparencia\/wp-json\/wp\/v2\/posts\/102","targetHints":{"allow":["GET"]}}],"collection":[{"href":"https:\/\/webs.uab.cat\/transparencia\/wp-json\/wp\/v2\/posts"}],"about":[{"href":"https:\/\/webs.uab.cat\/transparencia\/wp-json\/wp\/v2\/types\/post"}],"author":[{"embeddable":true,"href":"https:\/\/webs.uab.cat\/transparencia\/wp-json\/wp\/v2\/users\/1729"}],"replies":[{"embeddable":true,"href":"https:\/\/webs.uab.cat\/transparencia\/wp-json\/wp\/v2\/comments?post=102"}],"version-history":[{"count":1,"href":"https:\/\/webs.uab.cat\/transparencia\/wp-json\/wp\/v2\/posts\/102\/revisions"}],"predecessor-version":[{"id":548,"href":"https:\/\/webs.uab.cat\/transparencia\/wp-json\/wp\/v2\/posts\/102\/revisions\/548"}],"wp:attachment":[{"href":"https:\/\/webs.uab.cat\/transparencia\/wp-json\/wp\/v2\/media?parent=102"}],"wp:term":[{"taxonomy":"category","embeddable":true,"href":"https:\/\/webs.uab.cat\/transparencia\/wp-json\/wp\/v2\/categories?post=102"},{"taxonomy":"post_tag","embeddable":true,"href":"https:\/\/webs.uab.cat\/transparencia\/wp-json\/wp\/v2\/tags?post=102"}],"curies":[{"name":"wp","href":"https:\/\/api.w.org\/{rel}","templated":true}]}}