{"id":110,"date":"2019-07-07T14:03:06","date_gmt":"2019-07-07T12:03:06","guid":{"rendered":"https:\/\/blogs-prv.uab.cat\/transparencia\/?p=110"},"modified":"2023-05-16T13:45:04","modified_gmt":"2023-05-16T11:45:04","slug":"quines-actuacions-es-poden-dur-a-terme-davant-una-divulgacio-de-dades-excessives","status":"publish","type":"post","link":"https:\/\/webs.uab.cat\/transparencia\/2019\/07\/07\/quines-actuacions-es-poden-dur-a-terme-davant-una-divulgacio-de-dades-excessives\/","title":{"rendered":"Quines actuacions es poden dur a terme davant d\u2019una divulgaci\u00f3 de dades excessives?"},"content":{"rendered":"<p>El principi de minimitzaci\u00f3 implica que nom\u00e9s s\u2019han de tractar aquelles dades personals que siguin necess\u00e0ries per a les finalitats perseguides. El tractament de dades excessives o in\u00fatils \u00e9s una infracci\u00f3 del RGPD sotmesa a possible sanci\u00f3. Per tant, nom\u00e9s s\u2019han de publicar les dades personals que siguin adequades a la finalitat del tractament.<\/p>\n<p>En el cas de detectar-se alguna infracci\u00f3, les persones poden actuar per canals diversos:<\/p>\n<p><u>Drets del RGPD<\/u>: la persona titular de les dades pot exercir el seu dret d\u2019oposici\u00f3 o de limitaci\u00f3 del tractament, i sol\u00b7licitar la retirada del document. En aquests casos, l\u2019exercici dels drets que el RGPD reconeix a les persones titulars de les dades \u00e9s personal\u00edssim, de manera que nom\u00e9s es pot actuar en inter\u00e8s propi, ja sigui directament o mitjan\u00e7ant representant.<\/p>\n<p><u>Llei 2\/2023, de 20 de febrer, reguladora de la protecci\u00f3 de les persones que informin sobre infraccions normatives i de lluita contra la corrupci\u00f3<\/u>: aquesta llei estableix l\u2019obligaci\u00f3 per part de les administracions p\u00fabliques d\u2019articular un sistema intern d\u2019informaci\u00f3 com a via preferent perqu\u00e8 qualsevol persona, sigui o no de la instituci\u00f3, pugui informar sobre infraccions de la legislaci\u00f3 vigent.<\/p>\n<p><u>Procediment administratiu<\/u>: l\u2019article 6 de la Llei 39\/2015, d\u20191 d\u2019octubre, de procediment administratiu com\u00fa de les administracions p\u00fabliques, preveu la possibilitat que qualsevol persona, tant si t\u00e9 la condici\u00f3 d\u2019interessada com si no, posi en coneixement de l\u2019administraci\u00f3 qualsevol fet que pugui justificar la incoaci\u00f3 d\u2019un expedient administratiu.<\/p>\n<p><u>Delegat de protecci\u00f3 de dades<\/u>: davant de possibles infraccions a la legislaci\u00f3 sobre protecci\u00f3 de dades personals, qualsevol persona es pot posar en contacte amb el delegat de protecci\u00f3 de dades de la UAB perqu\u00e8 inici\u00ef, si escau, l\u2019expedient corresponent.<\/p>\n<p><u>Autoritat Catalana de Protecci\u00f3 de Dades (APDCAT)<\/u>: qualsevol persona pot denunciar davant l\u2019APDCAT qualsevol infracci\u00f3 en el tractament de dades personals, tant si li afecten directament com si no.<\/p>\n","protected":false},"excerpt":{"rendered":"<p>El principi de minimitzaci\u00f3 implica que nom\u00e9s s\u2019han de tractar aquelles dades personals que siguin necess\u00e0ries per a les finalitats perseguides. El tractament de dades excessives o in\u00fatils \u00e9s una infracci\u00f3 del RGPD sotmesa a possible sanci\u00f3. Per tant, nom\u00e9s s\u2019han de publicar les dades personals que siguin adequades a la finalitat del tractament. En [&hellip;]<\/p>\n","protected":false},"author":1729,"featured_media":0,"comment_status":"open","ping_status":"open","sticky":false,"template":"","format":"standard","meta":{"footnotes":""},"categories":[9],"tags":[26,39,48],"class_list":["post-110","post","type-post","status-publish","format-standard","hentry","category-proteccio-de-dades","tag-denuncies","tag-identificacio-de-persones","tag-minimitzacio"],"_links":{"self":[{"href":"https:\/\/webs.uab.cat\/transparencia\/wp-json\/wp\/v2\/posts\/110","targetHints":{"allow":["GET"]}}],"collection":[{"href":"https:\/\/webs.uab.cat\/transparencia\/wp-json\/wp\/v2\/posts"}],"about":[{"href":"https:\/\/webs.uab.cat\/transparencia\/wp-json\/wp\/v2\/types\/post"}],"author":[{"embeddable":true,"href":"https:\/\/webs.uab.cat\/transparencia\/wp-json\/wp\/v2\/users\/1729"}],"replies":[{"embeddable":true,"href":"https:\/\/webs.uab.cat\/transparencia\/wp-json\/wp\/v2\/comments?post=110"}],"version-history":[{"count":2,"href":"https:\/\/webs.uab.cat\/transparencia\/wp-json\/wp\/v2\/posts\/110\/revisions"}],"predecessor-version":[{"id":525,"href":"https:\/\/webs.uab.cat\/transparencia\/wp-json\/wp\/v2\/posts\/110\/revisions\/525"}],"wp:attachment":[{"href":"https:\/\/webs.uab.cat\/transparencia\/wp-json\/wp\/v2\/media?parent=110"}],"wp:term":[{"taxonomy":"category","embeddable":true,"href":"https:\/\/webs.uab.cat\/transparencia\/wp-json\/wp\/v2\/categories?post=110"},{"taxonomy":"post_tag","embeddable":true,"href":"https:\/\/webs.uab.cat\/transparencia\/wp-json\/wp\/v2\/tags?post=110"}],"curies":[{"name":"wp","href":"https:\/\/api.w.org\/{rel}","templated":true}]}}