{"id":162,"date":"2022-02-12T09:00:07","date_gmt":"2022-02-12T07:00:07","guid":{"rendered":"https:\/\/blogs-prv.uab.cat\/transparencia\/?p=162"},"modified":"2022-02-12T09:00:07","modified_gmt":"2022-02-12T07:00:07","slug":"delegat-de-proteccio-de-dades-de-la-uab","status":"publish","type":"post","link":"https:\/\/webs.uab.cat\/transparencia\/2022\/02\/12\/delegat-de-proteccio-de-dades-de-la-uab\/","title":{"rendered":"Delegat de Protecci\u00f3 de Dades de la UAB"},"content":{"rendered":"<p>En compliment del que estableix el <a href=\"https:\/\/eur-lex.europa.eu\/legal-content\/ES\/TXT\/PDF\/?uri=CELEX:32016R0679&amp;from=ES\">Reglament Europeu de Protecci\u00f3 de Dades (RGPD)<\/a> la UAB ha designat l\u2019Agust\u00ed Verde Parera Delegat de Protecci\u00f3 de Dades de la UAB.<\/p>\n<p>Les funcions principals del Delegat de Protecci\u00f3 de Dades s\u00f3n les seg\u00fcents:<\/p>\n<p style=\"padding-left:25px\"> 1.\tinformar i assessorar els responsables o els encarregats del tractament de dades personals, i a tot el personal de la UAB, de les obligacions que els pertoquen en virtut del Reglament Europeu i de la resta de disposicions vigents en mat\u00e8ria de protecci\u00f3 de dades.<br \/>\n2.\tsupervisar el compliment del que estableix el Reglament Europeu i de la resta de disposicions reguladores de la protecci\u00f3 de dades, i de les pol\u00edtiques en mat\u00e8ria de protecci\u00f3 de dades de la UAB, inclosa l\u2019assignaci\u00f3 de responsabilitats, la conscienciaci\u00f3 i la formaci\u00f3 del personal que participi en operacions de tractament, i les auditories corresponents.<br \/>\n3.\toferir l\u2019assessorament que se li demani sobre l\u2019avaluaci\u00f3 d\u2019impacte relativa a la protecci\u00f3 de dades i supervisar-ne l\u2019aplicaci\u00f3.<br \/>\n4.\tsupervisar els procediments referits al tractament de dades de car\u00e0cter personal i emetre recomanacions en l\u2019\u00e0mbit de les seves compet\u00e8ncies.<br \/>\n5.\tdocumentar les possibles vulneracions en mat\u00e8ria de protecci\u00f3 de dades i comunicar-ho als \u00f2rgans d\u2019administraci\u00f3 i de direcci\u00f3.<br \/>\n<\/P><\/p>\n<p>\u00c9s important tenir en compte que davant de qualsevol nou projecte, disseny de nou software, compra, o proposta de tractament de dades de car\u00e0cter personal, ja sigui en format electr\u00f2nic o en format paper, cal contactar amb el Delegat de Protecci\u00f3 de Dades: <a href=\"mailto:proteccio.dades@uab.cat\">proteccio.dades@uab.cat<\/a> per determinar els tr\u00e0mits i la documentaci\u00f3 necess\u00e0ria per portar-ho a terme d\u2019acord amb les exig\u00e8ncies del Reglament Europeu de Protecci\u00f3 de Dades i la resta de les disposicions vigents en la mat\u00e8ria. Aix\u00ed mateix, el Delegat de Protecci\u00f3 de Dades est\u00e0 a disposici\u00f3 per a qualsevol dubte o consulta.<\/p>\n","protected":false},"excerpt":{"rendered":"<p>En compliment del que estableix el Reglament Europeu de Protecci\u00f3 de Dades (RGPD) la UAB ha designat l\u2019Agust\u00ed Verde Parera Delegat de Protecci\u00f3 de Dades de la UAB. Les funcions principals del Delegat de Protecci\u00f3 de Dades s\u00f3n les seg\u00fcents: 1. informar i assessorar els responsables o els encarregats del tractament de dades personals, i [&hellip;]<\/p>\n","protected":false},"author":1729,"featured_media":0,"comment_status":"open","ping_status":"open","sticky":false,"template":"","format":"standard","meta":{"footnotes":""},"categories":[9],"tags":[25,46],"class_list":["post-162","post","type-post","status-publish","format-standard","hentry","category-proteccio-de-dades","tag-definicions","tag-marc-legal"],"_links":{"self":[{"href":"https:\/\/webs.uab.cat\/transparencia\/wp-json\/wp\/v2\/posts\/162","targetHints":{"allow":["GET"]}}],"collection":[{"href":"https:\/\/webs.uab.cat\/transparencia\/wp-json\/wp\/v2\/posts"}],"about":[{"href":"https:\/\/webs.uab.cat\/transparencia\/wp-json\/wp\/v2\/types\/post"}],"author":[{"embeddable":true,"href":"https:\/\/webs.uab.cat\/transparencia\/wp-json\/wp\/v2\/users\/1729"}],"replies":[{"embeddable":true,"href":"https:\/\/webs.uab.cat\/transparencia\/wp-json\/wp\/v2\/comments?post=162"}],"version-history":[{"count":0,"href":"https:\/\/webs.uab.cat\/transparencia\/wp-json\/wp\/v2\/posts\/162\/revisions"}],"wp:attachment":[{"href":"https:\/\/webs.uab.cat\/transparencia\/wp-json\/wp\/v2\/media?parent=162"}],"wp:term":[{"taxonomy":"category","embeddable":true,"href":"https:\/\/webs.uab.cat\/transparencia\/wp-json\/wp\/v2\/categories?post=162"},{"taxonomy":"post_tag","embeddable":true,"href":"https:\/\/webs.uab.cat\/transparencia\/wp-json\/wp\/v2\/tags?post=162"}],"curies":[{"name":"wp","href":"https:\/\/api.w.org\/{rel}","templated":true}]}}