{"id":186,"date":"2022-03-17T09:00:21","date_gmt":"2022-03-17T07:00:21","guid":{"rendered":"https:\/\/blogs-prv.uab.cat\/transparencia\/?p=186"},"modified":"2022-03-17T09:00:21","modified_gmt":"2022-03-17T07:00:21","slug":"terminis-de-conservacio-dels-documents","status":"publish","type":"post","link":"https:\/\/webs.uab.cat\/transparencia\/2022\/03\/17\/terminis-de-conservacio-dels-documents\/","title":{"rendered":"Quins s\u00f3n els terminis de conservaci\u00f3 de les dades personals en poder de les administracions p\u00fabliques?"},"content":{"rendered":"<p><span data-contrast=\"auto\">Com a principi general, el RGPD estableix que les dades personals s\u2019han d\u2019eliminar quan ja no siguin necess\u00e0ries per a les finalitats del tractament. No obstant aix\u00f2, hi ha legislaci\u00f3 espec\u00edfica que obliga a conservar la informaci\u00f3 m\u00e9s enll\u00e0 d\u2019aquest termini, com \u00e9s el cas de les Taules d\u2019Acc\u00e9s i Avaluaci\u00f3 Documental en relaci\u00f3 amb els expedients acad\u00e8mics dels estudiants universitaris, o la legislaci\u00f3 sobre l\u2019autonomia del pacient en relaci\u00f3 amb la conservaci\u00f3 de les hist\u00f2ries cl\u00edniques, entre d\u2019altres.\u00a0<\/span><\/p>\n","protected":false},"excerpt":{"rendered":"<p>Com a principi general, el RGPD estableix que les dades personals s\u2019han d\u2019eliminar quan ja no siguin necess\u00e0ries per a les finalitats del tractament. No obstant aix\u00f2, hi ha legislaci\u00f3 espec\u00edfica que obliga a conservar la informaci\u00f3 m\u00e9s enll\u00e0 d\u2019aquest termini, com \u00e9s el cas de les Taules d\u2019Acc\u00e9s i Avaluaci\u00f3 Documental en relaci\u00f3 amb [&hellip;]<\/p>\n","protected":false},"author":1729,"featured_media":0,"comment_status":"open","ping_status":"open","sticky":false,"template":"","format":"standard","meta":{"footnotes":""},"categories":[9,11],"tags":[15,75],"class_list":["post-186","post","type-post","status-publish","format-standard","hentry","category-proteccio-de-dades","category-recursos-humans","tag-arxiu","tag-terminis"],"_links":{"self":[{"href":"https:\/\/webs.uab.cat\/transparencia\/wp-json\/wp\/v2\/posts\/186","targetHints":{"allow":["GET"]}}],"collection":[{"href":"https:\/\/webs.uab.cat\/transparencia\/wp-json\/wp\/v2\/posts"}],"about":[{"href":"https:\/\/webs.uab.cat\/transparencia\/wp-json\/wp\/v2\/types\/post"}],"author":[{"embeddable":true,"href":"https:\/\/webs.uab.cat\/transparencia\/wp-json\/wp\/v2\/users\/1729"}],"replies":[{"embeddable":true,"href":"https:\/\/webs.uab.cat\/transparencia\/wp-json\/wp\/v2\/comments?post=186"}],"version-history":[{"count":0,"href":"https:\/\/webs.uab.cat\/transparencia\/wp-json\/wp\/v2\/posts\/186\/revisions"}],"wp:attachment":[{"href":"https:\/\/webs.uab.cat\/transparencia\/wp-json\/wp\/v2\/media?parent=186"}],"wp:term":[{"taxonomy":"category","embeddable":true,"href":"https:\/\/webs.uab.cat\/transparencia\/wp-json\/wp\/v2\/categories?post=186"},{"taxonomy":"post_tag","embeddable":true,"href":"https:\/\/webs.uab.cat\/transparencia\/wp-json\/wp\/v2\/tags?post=186"}],"curies":[{"name":"wp","href":"https:\/\/api.w.org\/{rel}","templated":true}]}}