{"id":425,"date":"2022-07-06T12:11:56","date_gmt":"2022-07-06T10:11:56","guid":{"rendered":"https:\/\/blogs.uab.cat\/transparencia\/?p=425"},"modified":"2022-07-06T12:11:56","modified_gmt":"2022-07-06T10:11:56","slug":"quin-tractament-es-pot-fer-amb-dades-reals-que-apareguin-en-videos-elaborats-com-a-contingut-dun-curs-de-formacio-o-que-identifiquin-proveidors-i-la-seva-facturacio","status":"publish","type":"post","link":"https:\/\/webs.uab.cat\/transparencia\/2022\/07\/06\/quin-tractament-es-pot-fer-amb-dades-reals-que-apareguin-en-videos-elaborats-com-a-contingut-dun-curs-de-formacio-o-que-identifiquin-proveidors-i-la-seva-facturacio\/","title":{"rendered":"Quin tractament es pot fer amb dades reals que apareguin en v\u00eddeos elaborats com a contingut d&#8217;un curs de formaci\u00f3 o que identifiquin prove\u00efdors i la seva facturaci\u00f3?"},"content":{"rendered":"<p>La legislaci\u00f3 sobre protecci\u00f3 de dades nom\u00e9s s&#8217;aplica a les persones f\u00edsiques. En tot cas, i pel que fa a la possible publicaci\u00f3 o difusi\u00f3 d&#8217;aquesta informaci\u00f3, caldr\u00e0 tenir en compte els possibles compromisos de confidencialitat acordats entre el prove\u00efdor i la UAB.<\/p>\n","protected":false},"excerpt":{"rendered":"<p>La legislaci\u00f3 sobre protecci\u00f3 de dades nom\u00e9s s&#8217;aplica a les persones f\u00edsiques. En tot cas, i pel que fa a la possible publicaci\u00f3 o difusi\u00f3 d&#8217;aquesta informaci\u00f3, caldr\u00e0 tenir en compte els possibles compromisos de confidencialitat acordats entre el prove\u00efdor i la UAB.<\/p>\n","protected":false},"author":1729,"featured_media":0,"comment_status":"closed","ping_status":"open","sticky":false,"template":"","format":"standard","meta":{"footnotes":""},"categories":[11],"tags":[31,35,37,39],"class_list":["post-425","post","type-post","status-publish","format-standard","hentry","category-recursos-humans","tag-empleats-publics","tag-filmacions","tag-formacio","tag-identificacio-de-persones"],"_links":{"self":[{"href":"https:\/\/webs.uab.cat\/transparencia\/wp-json\/wp\/v2\/posts\/425","targetHints":{"allow":["GET"]}}],"collection":[{"href":"https:\/\/webs.uab.cat\/transparencia\/wp-json\/wp\/v2\/posts"}],"about":[{"href":"https:\/\/webs.uab.cat\/transparencia\/wp-json\/wp\/v2\/types\/post"}],"author":[{"embeddable":true,"href":"https:\/\/webs.uab.cat\/transparencia\/wp-json\/wp\/v2\/users\/1729"}],"replies":[{"embeddable":true,"href":"https:\/\/webs.uab.cat\/transparencia\/wp-json\/wp\/v2\/comments?post=425"}],"version-history":[{"count":0,"href":"https:\/\/webs.uab.cat\/transparencia\/wp-json\/wp\/v2\/posts\/425\/revisions"}],"wp:attachment":[{"href":"https:\/\/webs.uab.cat\/transparencia\/wp-json\/wp\/v2\/media?parent=425"}],"wp:term":[{"taxonomy":"category","embeddable":true,"href":"https:\/\/webs.uab.cat\/transparencia\/wp-json\/wp\/v2\/categories?post=425"},{"taxonomy":"post_tag","embeddable":true,"href":"https:\/\/webs.uab.cat\/transparencia\/wp-json\/wp\/v2\/tags?post=425"}],"curies":[{"name":"wp","href":"https:\/\/api.w.org\/{rel}","templated":true}]}}