{"id":1383,"date":"2020-07-28T12:29:32","date_gmt":"2020-07-28T10:29:32","guid":{"rendered":"https:\/\/blogs.uab.cat\/editorsweb\/?p=1383"},"modified":"2025-12-11T14:54:25","modified_gmt":"2025-12-11T12:54:25","slug":"els-assets-clau-per-als-editors-web-de-les-gestions-academiques","status":"publish","type":"post","link":"https:\/\/webs.uab.cat\/webedit\/2020\/07\/28\/els-assets-clau-per-als-editors-web-de-les-gestions-academiques\/","title":{"rendered":"Els assets clau per als editors web de les gestions acad\u00e8miques"},"content":{"rendered":"\n<p class=\"wp-block-uab-entradeta entradeta\">Les persones que editeu continguts des de la Gesti\u00f3 Acad\u00e8mica del centre docent disposeu d\u2019un ampli ventall d\u2019assets que no estan a l\u2019abast de tots els editors. S\u00f3n assets relacionats amb les titulacions i que moltes vegades us impliquen peticions de car\u00e0cter urgent. A continuaci\u00f3 trobareu tot el que podeu modificar relacionat amb les titulacions per tal de que us resulti m\u00e9s \u00e0gil accedir-hi.<\/p>\n\n\n\n<!--more-->\n\n\n\n<p class=\"wp-block-paragraph\">Abans de tot, un aclariment: des dels centres docents no teniu acc\u00e9s a l\u2019arbre de p\u00e0gines de les titulacions. Moltes vegades ens trobem que voleu modificar un aspecte del pla d\u2019estudis i intenteu buscar per l\u2019arbre del vostre lloc web i ens truqueu perqu\u00e8 no el trobeu. Efectivament, les titulacions tenen un arbre de p\u00e0gines per\u00f2 est\u00e0 centralitzat i serveix el mateix per a totes les d\u2019un mateix tipus. Hi ha un arbre per grau, un altre per m\u00e0ster oficial, un per doctorat, etc. Per aix\u00f2, qualsevol canvi en l\u2019estructura de p\u00e0gines afecta a totes les titulacions del mateix tipus.<\/p>\n\n\n\n<h2 class=\"wp-block-heading\">Graus<\/h2>\n\n\n\n<p class=\"wp-block-paragraph\">Els assets de grau s\u00f3n dos:<\/p>\n\n\n\n<ol class=\"wp-block-list\">\n<li><strong>Titulacions de primer i segon cicle dades centre:<\/strong> com veieu pel nom, aquest asset ja existia abans de Bolonya, per aix\u00f2 hi ha camps que estan en des\u00fas. En aquest asset cal que empleneu la informaci\u00f3 relacionada amb els aspectes pr\u00e0ctics del dia a dia com el coordinador i l\u2019equip de coordinaci\u00f3 de la titulaci\u00f3, els horaris, el calendari acad\u00e8mic, les pr\u00e0ctiques (detallant els centres amb conveni i els horaris), les taules d\u2019adaptacions, la informaci\u00f3 addicional al pla d\u2019estudis, el calendari d\u2019implantaci\u00f3, la informaci\u00f3 sobre l\u2019extinci\u00f3, els programes de mobilitat (detallant tamb\u00e9 les universitats amb les quals existeix un conveni) i els recursos per a l\u2019estudi (campus virtual, equipaments, material recomanat per a l\u2019estudiant).<br><strong>En aquest asset trobareu el camp \u201cQualitat centre\u201d que \u00e9s on heu d\u2019emplenar la informaci\u00f3 del Sistema de Garantia del grau.<\/strong><\/li>\n\n\n\n<li><strong>Matr\u00edcula proc\u00e9s:<\/strong> aqu\u00ed nom\u00e9s cal posar la informaci\u00f3 de matr\u00edcula. Els camps estan endre\u00e7ats per tipus d\u2019estudiant: preinscripci\u00f3, estudiant UAB. Tamb\u00e9 hi ha camps especials pels estudiants que accedeixen per convalidaci\u00f3 d\u2019estudis estrangers o per canvi d\u2019estudis espanyols. Aquest asset va ser el primer que es va actualitzar des de les gestions acad\u00e8miques, molt abans de que els centres docents tinguessin les seves p\u00e0gines web pr\u00f2pies dins d\u2019Oracle. Per aix\u00f2 hi ha alguns camps que demanen que se\u2019ls associ\u00efn assets del tipus \u00c0rea d\u2019Afers Acad\u00e8mics Document o \u00c0rea d\u2019Afers Acad\u00e8mics Enlla\u00e7. Aquests camps estan destinats a desapar\u00e8ixer i us demanem que aneu prescindint de fer-los servir.<\/li>\n<\/ol>\n\n\n\n<p class=\"wp-block-uab-alerta missatge alerta\">Sobre qui fa qu\u00e8 en els graus teniu les informacions seg\u00fcents:<\/p>\n\n\n\n<ul class=\"wp-block-list\">\n<li><a href=\"https:\/\/webs.uab.cat\/webedit\/2019\/03\/15\/actualitzacio-de-la-fitxa-dels-graus\/\" target=\"_blank\" rel=\"noreferrer noopener\">Actualitzaci\u00f3 de la fitxa de graus<\/a> (entrada al blog)<\/li>\n\n\n\n<li><a href=\"https:\/\/webs.uab.cat\/webedit\/wp-content\/uploads\/sites\/31\/2024\/10\/Informacio_fitxa_Graus_2019.pdf\" target=\"_blank\" rel=\"noreferrer noopener\">Camps de la fitxa dels graus i qui els ha d\u2019actualitzar<\/a> (el document de refer\u00e8ncia)<\/li>\n\n\n\n<li><a href=\"https:\/\/webs.uab.cat\/webedit\/wp-content\/uploads\/sites\/31\/2023\/06\/Informacio_fitxa_Graus_Centres.pdf\" target=\"_blank\" rel=\"noreferrer noopener\">Informaci\u00f3 dels graus que gestionen els centres docents<\/a> (document)<\/li>\n<\/ul>\n\n\n\n<h2 class=\"wp-block-heading\">M\u00e0sters universitaris<\/h2>\n\n\n\n<p class=\"wp-block-paragraph\">Totes les modificacions es fan en un asset que es diu Master general. Aquest asset per\u00f2, t\u00e9 dues definicions (com uns subtipus) i a cada una hi ha camps diferents. Per tant, a efectes pr\u00e0ctics \u00e9s com gestionar dos assets. Les dues definicions s\u00f3n:<\/p>\n\n\n\n<ol class=\"wp-block-list\">\n<li><strong>MasterCentre:<\/strong> s\u2019hi posen els aspectes pr\u00e0ctics del dia a dia com les dates d\u2019inici i fi de curs, els horaris de les classes, la documentaci\u00f3 per a l\u2019admissi\u00f3, les dates i la informaci\u00f3 de matr\u00edcula i la informaci\u00f3 addicional al pla d\u2019estudis. <strong>Tamb\u00e9 hi ha un apartat per especificar els aspectes relacionats amb l\u2019avaluaci\u00f3 de la qualitat, es tracta del camp \u201cQualitat centre\u201d.<\/strong><\/li>\n\n\n\n<li><strong>MasterDepartament:<\/strong> recull informaci\u00f3 molt espec\u00edfica sobre professorat, coordinaci\u00f3 del m\u00e0ster, treball de fi de m\u00e0ster, beques, oportunitats de recerca i pr\u00e0ctiques.<\/li>\n<\/ol>\n\n\n\n<p class=\"wp-block-paragraph\">Si feu una cerca de tots els assets de M\u00e0ster general del vostre site us sortiran barrejats els dos tipus. Si voleu fer una cerca per obtenir nom\u00e9s un dels dos cal que feu el seg\u00fcent:<\/p>\n\n\n\n<p class=\"wp-block-paragraph\">Obriu el quadre de cerca i premeu el bot\u00f3 de Cerca avan\u00e7ada:<\/p>\n\n\n\n<figure class=\"wp-block-image size-full\"><img loading=\"lazy\" decoding=\"async\" width=\"677\" height=\"378\" src=\"https:\/\/webs.uab.cat\/webedit\/wp-content\/uploads\/sites\/667\/2020\/07\/1_CercaAvancada.jpg\" alt=\"Ubicaci\u00f3 del bot\u00f3 de cerca avan\u00e7ada\" class=\"wp-image-6593\"\/><\/figure>\n\n\n\n<p class=\"wp-block-paragraph\">Al final de la p\u00e0gina que s&#8217;obre podeu especificar el tipus d&#8217;asset que us interessa i la definici\u00f3:<\/p>\n\n\n\n<figure class=\"wp-block-image size-full\"><img loading=\"lazy\" decoding=\"async\" width=\"668\" height=\"448\" src=\"https:\/\/webs.uab.cat\/webedit\/wp-content\/uploads\/sites\/667\/2020\/07\/2_TipusMaster.jpg\" alt=\"Com triar la definici\u00f3 de m\u00e0ster\" class=\"wp-image-6594\"\/><\/figure>\n\n\n\n<p class=\"wp-block-paragraph\">A Tipo de activo poseu \u00abMaster\u00bb i trieu el subtipo de activo MasterCentres o MasterDepartament que us interessi. I executeu la cerca.<\/p>\n\n\n\n<p class=\"wp-block-paragraph\">En el llistat que es generi, trieu l&#8217;asset que us interessi i editeu-lo.<\/p>\n\n\n\n<p class=\"wp-block-uab-alerta missatge alerta\">Sobre qui fa qu\u00e8 en els m\u00e0sters oficials teniu la informaci\u00f3 seg\u00fcent:<\/p>\n\n\n\n<ul class=\"wp-block-list\">\n<li><a href=\"https:\/\/webs.uab.cat\/webedit\/2020\/05\/08\/actualitzacio-de-les-fitxes-dels-masters-oficials\/\" target=\"_blank\" rel=\"noreferrer noopener\">Actualitzaci\u00f3 de la fitxa de m\u00e0sters universitaris<\/a> (entrada al blog)<\/li>\n\n\n\n<li><a href=\"https:\/\/webs.uab.cat\/webedit\/wp-content\/uploads\/sites\/31\/2024\/10\/Informacio_fitxa_MU_2020.pdf\" target=\"_blank\" rel=\"noreferrer noopener\">Camps de la fitxa dels m\u00e0sters universitaris i que els actualitza<\/a> (el document de refer\u00e8ncia)<\/li>\n\n\n\n<li><a href=\"https:\/\/webs.uab.cat\/webedit\/wp-content\/uploads\/sites\/31\/2023\/01\/Informacio_fitxa_MU_2020_centresdocents.pdf\">Informaci\u00f3 dels m\u00e0sters universitaris que gestionen els centres docents<\/a> (document)<\/li>\n<\/ul>\n\n\n\n<h2 class=\"wp-block-heading\">M\u00ednors<\/h2>\n\n\n\n<p class=\"wp-block-paragraph\">Aquest asset \u00e9s m\u00e9s desconegut donat que nom\u00e9s alguns centres docents n\u2019oferiu. Cada centre docent t\u00e9 en el seu site l\u2019asset dels m\u00ednors que gestioni. Si el vostre centre aprova un m\u00ednor l\u2019haureu de donar d\u2019alta vosaltres mateixos, no caldr\u00e0 de la nostra intervenci\u00f3. Per descomptat, si teniu algun dubte o necessiteu assessorament, us ajudarem. La fitxa dels m\u00ednors \u00e9s pa sucat amb oli comparat amb graus i m\u00e0sters i s\u2019omple molt f\u00e0cilment.<\/p>\n\n\n\n<p class=\"wp-block-paragraph\">Podeu consultar qu\u00e8 cal fer a l\u2019entrada seg\u00fcent:<\/p>\n\n\n\n<p class=\"wp-block-paragraph\"><a href=\"https:\/\/webs.uab.cat\/webedit\/2019\/01\/11\/actualitzacio-de-la-informacio-dels-minors\/\" target=\"_blank\" rel=\"noreferrer noopener\">Actualitzaci\u00f3 de la fitxa de m\u00ednors<\/a><\/p>\n\n\n\n<h2 class=\"wp-block-heading\">Preguntes freq\u00fcents sobre els assets de titulacions<\/h2>\n\n\n\n<details class=\"wp-block-mamaduka-toggles wp-block-toggles\"><summary>Com \u00e9s el proc\u00e9s per publicar una nova titulaci\u00f3?<\/summary><div class=\"wp-block-toggles__content\">\n<p class=\"wp-block-paragraph\">La publicaci\u00f3 d\u2019una nova titulaci\u00f3 \u00e9s un treball en equip. Per comen\u00e7ar no es pot publicar si no s\u2019han passat totes les validacions oportunes: aprovaci\u00f3 per la Junta de Facultat, aprovaci\u00f3 per la Comissi\u00f3 d\u2019Afers Acad\u00e8mics, elaboraci\u00f3 de la mem\u00f2ria per enviar-la a les autoritats competents&#8230; Com que ja sabem que alguns processos poden ser lents, a principis de curs l\u2019Oficina de Qualitat Docent ja t\u00e9 una previsi\u00f3 de les possibles noves titulacions. Aquest llistat l\u2019envia a l\u2019\u00c0rea de Comunicaci\u00f3 i de Promoci\u00f3 (concretament a la Unitat de Promoci\u00f3) qui contacta amb el coordinador per aconseguir les informacions m\u00e9s de m\u00e0rqueting. L\u2019Oficina de Qualitat Docent s\u2019encarrega dels camps d\u2019informaci\u00f3 que estan a la mem\u00f2ria. <\/p>\n\n\n\n<p class=\"wp-block-paragraph\">\u00c9s possible que algunes de les propostes de noves titulacions no tirin endavant. Les noves propostes s\u2019acostumen a publicar al gener (en el cas dels m\u00e0sters oficials perqu\u00e8 \u00e9s quan comen\u00e7a el per\u00edode de preinscripci\u00f3 i en el cas dels graus abans de les Jornades de Portes Obertes) per\u00f2 al desembre ja s\u2019estan treballant els assets. \u00c0rea de Comunicaci\u00f3 i de Promoci\u00f3 i Oficina de Qualitat Docent publiquem a la vegada.<\/p>\n\n\n\n<p class=\"wp-block-paragraph\">De vegades poden haver-hi excepcions en aquest calendari de publicaci\u00f3 i seria en el cas dels m\u00e0sters Erasmus Mundus donat que el calendari es consensua amb universitats d\u2019altes pa\u00efsos. Tingueu present per aix\u00f2, que per publicar-los necessitem el vistiplau de l\u2019Oficina de Qualitat Docent (qui segurament haur\u00e0 de parlar pr\u00e8viament amb la Viceger\u00e8ncia d\u2019Ordenaci\u00f3 Acad\u00e8mica).<\/p>\n<\/div><\/details>\n\n\n\n<details class=\"wp-block-mamaduka-toggles wp-block-toggles\"><summary>Tinc una titulaci\u00f3 de grau o de m\u00e0ster, a la web de la UAB veig que ja surt per\u00f2 no trobo l&#8217;asset&#8230;<\/summary><div class=\"wp-block-toggles__content\">\n<p class=\"wp-block-paragraph\">Doncs nom\u00e9s l&#8217;has de donar d&#8217;alta. Cal que feu Nuevo &gt; i triar el tipus de Titulaci\u00f3 corresponent. En el cas dels graus i dels m\u00e0sters oficials a l\u2019inici de cada un dels vostres assets hi ha un camp que es diu Pla d\u2019estudis i que consta d\u2019un desplegable on haureu de posar la titulaci\u00f3 corresponent.<\/p>\n<\/div><\/details>\n\n\n\n<details class=\"wp-block-mamaduka-toggles wp-block-toggles\"><summary>M\u2019han demanat canvis en la informaci\u00f3 que surt en les fitxes de les titulacions, a qui li passo?<\/summary><div class=\"wp-block-toggles__content\">\n<p class=\"wp-block-paragraph\">Doncs dep\u00e8n, primer de tot assegura\u2019t que no el puguis fer. En el cas d\u2019un M\u00ednor pots procedir directament per\u00f2 en el cas d\u2019un grau o m\u00e0ster oficial haur\u00e0s de comprovar a qui li toca. Ho pots fer consultant les entrades: <a href=\"https:\/\/webs.uab.cat\/webedit\/2019\/03\/15\/actualitzacio-de-la-fitxa-dels-graus\/\">Actualitzaci\u00f3 de la fitxa de graus<\/a> o <a href=\"https:\/\/webs.uab.cat\/webedit\/2020\/05\/08\/actualitzacio-de-les-fitxes-dels-masters-oficials\/\">Actualitzaci\u00f3 de la fitxa de m\u00e0ster oficial<\/a>.<\/p>\n\n\n\n<p class=\"wp-block-paragraph\">En el cas que el canvi afecti a un apartat que posa que gestiona l\u2019\u00c0rea de Comunicaci\u00f3 caldr\u00e0 que facis la petici\u00f3 a la Unitat de Promoci\u00f3. Ja sabem que des de la Unitat de Web a vegades semblem totpoderosos per\u00f2 la informaci\u00f3 de les titulacions les gestionen els nostre companys de la Unitat de Promoci\u00f3. Els podeu contactar per correu electr\u00f2nic. En el cas dels m\u00e0sters oficials tenen un correu electr\u00f2nic propi per aquestes peticions: <a href=\"mailto:masters.oficials@uab.cat\">masters.oficials@uab.cat<\/a>.<\/p>\n\n\n\n<p class=\"wp-block-paragraph\">Si es tracta d\u2019una informaci\u00f3 que gestiona l\u2019Oficina de Qualitat Docent penseu que s\u00f3n informacions que han d\u2019estar recollides a la mem\u00f2ria i que moltes vegades per fer el canvi s\u2019ha hagut de passar per la Comissi\u00f3 d\u2019Afers Acad\u00e8mics. Quan s\u2019aproven aquestes modificacions l\u2019Oficina de Qualitat Docent ho rep i ho canvia en el web per defecte. A vegades alguns coordinadors volen fer el canvi abans que estigui aprovat o sense haver seguit el proc\u00e9s de sol\u00b7licitud de canvis a la mem\u00f2ria establert. En aquests casos, remeteu-los a l\u2019Oficina de Qualitat Docent.<\/p>\n<\/div><\/details>\n\n\n\n<details class=\"wp-block-mamaduka-toggles wp-block-toggles\"><summary>Hi ha algunes assignatures optatives que enguany no s\u2019oferiran (per\u00f2 un altre curs si), podeu retirar-les del pla d\u2019estudis?<\/summary><div class=\"wp-block-toggles__content\">\n<p class=\"wp-block-paragraph\">Nom\u00e9s es treuen assignatures del Pla d\u2019estudis si s\u2019ha passat per un proc\u00e9s d\u2019aprovaci\u00f3 de canvi del Pla d\u2019estudis. Si es tracta d\u2019una modificaci\u00f3 puntual per un curs acad\u00e8mic, des de la Facultat podeu fer aquest aclariment. En el cas dels graus, en l\u2019asset de Titulacions de 1r i 2n cicle dades centre teniu un camp que es diu \u201cInformacions addicionals\u201d i \u00e9s on podeu fer aquests aclariments. Per als m\u00e0sters oficials podeu fer servir el camp \u201cDesprogramaci\u00f3 assignatures\u201d.<\/p>\n<\/div><\/details>\n\n\n\n<details class=\"wp-block-mamaduka-toggles wp-block-toggles\"><summary>Com puc saber quins assets tinc fets relacionats amb una titulaci\u00f3?<\/summary><div class=\"wp-block-toggles__content\">\n<p class=\"wp-block-paragraph\">\u00c9s molt f\u00e0cil, nom\u00e9s cal que introdu\u00efu en la finestra del cercador l\u2019ID de l\u2019asset corresponent. L\u2019ID \u00e9s el darrer n\u00famero de la url d\u2019una titulaci\u00f3:<br>https:\/\/www.uab.cat\/web\/estudiar\/llistat-de-graus\/informacio-general\/fisioterapia-1216708251447.html?param1=<strong>1265293758365<br><\/strong>El gestor us retornar\u00e0 tots els assets que estiguin relacionats amb aquell ID.<\/p>\n<\/div><\/details>\n\n\n\n<details class=\"wp-block-mamaduka-toggles wp-block-toggles\"><summary>Com funcionen les guies docents?<\/summary><div class=\"wp-block-toggles__content\">\n<p class=\"wp-block-paragraph\">Tots els graus i m\u00e0sters oficials de centres propis de la UAB extreuen el contingut de les guies docents d\u2019una aplicaci\u00f3 institucional. En el cas de les titulacions interuniversit\u00e0ries, aquestes han d\u2019estar coordinades per la UAB. Aquesta aplicaci\u00f3 est\u00e0 gestionada per l\u2019Oficina de Qualitat Docent. Trobareu m\u00e9s informaci\u00f3 sobre ella en la <a rel=\"noreferrer noopener\" href=\"https:\/\/www.uab.cat\/web\/estudiar\/qualitat-docent\/guies-docents\/aplicacio-1345693075136.html\" target=\"_blank\">p\u00e0gina sobre l\u2019aplicaci\u00f3 de guies docents<\/a>.<br>S\u00f3n excepcions els dobles graus. En aquest cas el que es fa \u00e9s enlla\u00e7ar amb les guies de les titulacions pertinents.<\/p>\n\n\n\n<p class=\"wp-block-paragraph\">La informaci\u00f3 de les guies es recupera autom\u00e0ticament de l\u2019aplicaci\u00f3 mitjan\u00e7ant el seu codi RUCT. Per fer-ho l\u2019OQD informa en els seus assets del codi de cada titulaci\u00f3.<\/p>\n<\/div><\/details>\n\n\n\n<details class=\"wp-block-mamaduka-toggles wp-block-toggles\"><summary>Com funciona el llistat de professorat?<\/summary><div class=\"wp-block-toggles__content\">\n<p class=\"wp-block-paragraph\">D\u2019una manera bastant similar a les guies docents. El llistat autom\u00e0tic de professorat es carrega per als graus i m\u00e0sters oficials de centres propis de la UAB. I aquest llistat tamb\u00e9 es recupera a partir del codi RUCT.<\/p>\n\n\n\n<p class=\"wp-block-paragraph\">Si cal fer modificacions en el llistat cal que seguiu el procediment que vam explicar a l\u2019entrada del blog seg\u00fcent:<br><a href=\"https:\/\/webs.uab.cat\/webedit\/2018\/02\/26\/professorat-a-les-fitxes-de-graus-i-masters-oficials\/\" target=\"_blank\" rel=\"noreferrer noopener\">Professorat a les fitxes de graus i m\u00e0sters oficials<\/a><\/p>\n\n\n\n<p class=\"wp-block-paragraph\">Tant en els graus com en els m\u00e0sters teniu un camp per informar sobre l\u2019equip de coordinaci\u00f3 de la titulaci\u00f3:<br>Grau &gt; asset Titulaci\u00f3 de 1r i 2n cicle dades centre &gt; camp Coordinador i equip de coordinaci\u00f3<br>M\u00e0ster oficial &gt; asset master departament &gt; camps Coordinador del m\u00e0ster i Equip de coordinaci\u00f3 del m\u00e0ster.<br>En el cas del m\u00e0ster oficial hi ha en el mateix asset un camp que es diu \u201cText introductori sobre el professorat\u201d on es pot explicar les bondats de l\u2019equip docent.<\/p>\n<\/div><\/details>\n\n\n\n<details class=\"wp-block-mamaduka-toggles wp-block-toggles\"><summary>Tenim una titulaci\u00f3 a la qual li acaben de donar el segell de qualitat, com es posa el segell?<\/summary><div class=\"wp-block-toggles__content\">\n<p class=\"wp-block-paragraph\">Amb les noves fitxes de grau i de m\u00e0ster oficial aquesta informaci\u00f3 es recupera autom\u00e0ticament de la bases de dades d\u2019AQU Catalunya. El dia 1 de cada mes es fa una desc\u00e0rrega de tots els segells des d\u2019aquesta aplicaci\u00f3. L\u2019OQD tamb\u00e9 informa en el seu asset d\u2019un codi que permet recuperar aquesta informaci\u00f3. Aquest procediment serveix tant pel segell d\u2019avaluaci\u00f3 normal com pels segells de dimensions addicionals.<\/p>\n<\/div><\/details>\n\n\n\n<p class=\"wp-block-paragraph\">Esperem que aquesta informaci\u00f3 us sigui d&#8217;utilitat. Si trobeu a faltar algun tema, feu-nos-ho saber i mirarem d&#8217;incloure&#8217;l.<\/p>\n","protected":false},"excerpt":{"rendered":"","protected":false},"author":24,"featured_media":6595,"comment_status":"closed","ping_status":"closed","sticky":false,"template":"","format":"standard","meta":{"footnotes":""},"categories":[15,13,72,5],"tags":[58,49,59,45,37],"class_list":["post-1383","post","type-post","status-publish","format-standard","has-post-thumbnail","hentry","category-consells-i-trucs","category-edicio-de-textos","category-novetats","category-preguntes-frequents","tag-gestions-academiques","tag-graus","tag-masters","tag-minors","tag-titulacions"],"_links":{"self":[{"href":"https:\/\/webs.uab.cat\/webedit\/wp-json\/wp\/v2\/posts\/1383","targetHints":{"allow":["GET"]}}],"collection":[{"href":"https:\/\/webs.uab.cat\/webedit\/wp-json\/wp\/v2\/posts"}],"about":[{"href":"https:\/\/webs.uab.cat\/webedit\/wp-json\/wp\/v2\/types\/post"}],"author":[{"embeddable":true,"href":"https:\/\/webs.uab.cat\/webedit\/wp-json\/wp\/v2\/users\/24"}],"replies":[{"embeddable":true,"href":"https:\/\/webs.uab.cat\/webedit\/wp-json\/wp\/v2\/comments?post=1383"}],"version-history":[{"count":5,"href":"https:\/\/webs.uab.cat\/webedit\/wp-json\/wp\/v2\/posts\/1383\/revisions"}],"predecessor-version":[{"id":6605,"href":"https:\/\/webs.uab.cat\/webedit\/wp-json\/wp\/v2\/posts\/1383\/revisions\/6605"}],"wp:featuredmedia":[{"embeddable":true,"href":"https:\/\/webs.uab.cat\/webedit\/wp-json\/wp\/v2\/media\/6595"}],"wp:attachment":[{"href":"https:\/\/webs.uab.cat\/webedit\/wp-json\/wp\/v2\/media?parent=1383"}],"wp:term":[{"taxonomy":"category","embeddable":true,"href":"https:\/\/webs.uab.cat\/webedit\/wp-json\/wp\/v2\/categories?post=1383"},{"taxonomy":"post_tag","embeddable":true,"href":"https:\/\/webs.uab.cat\/webedit\/wp-json\/wp\/v2\/tags?post=1383"}],"curies":[{"name":"wp","href":"https:\/\/api.w.org\/{rel}","templated":true}]}}