{"id":864,"date":"2018-02-26T10:46:20","date_gmt":"2018-02-26T09:46:20","guid":{"rendered":"http:\/\/blogs.uab.cat\/editorsweb\/?p=864"},"modified":"2025-12-11T16:21:54","modified_gmt":"2025-12-11T14:21:54","slug":"professorat-a-les-fitxes-de-graus-i-masters-oficials","status":"publish","type":"post","link":"https:\/\/webs.uab.cat\/webedit\/2018\/02\/26\/professorat-a-les-fitxes-de-graus-i-masters-oficials\/","title":{"rendered":"Professorat a les fitxes de graus i m\u00e0sters universitaris"},"content":{"rendered":"\n<p class=\"wp-block-uab-entradeta entradeta\">Us informem que&nbsp;s&#8217;ha realitzat una millora significativa en les fitxes de graus i m\u00e0sters universitaris per millorar la seva informaci\u00f3. S&#8217;ha afegit un<strong>&nbsp;llistat autom\u00e0tic del professorat que imparteix doc\u00e8ncia en la titulaci\u00f3<\/strong>. A banda de millorar la informaci\u00f3 que oferim&nbsp;als estudiants i als futurs estudiants tamb\u00e9 permetr\u00e0 complir amb els requeriments de les acreditacions de l&#8217;AQU.<\/p>\n\n\n\n<!--more-->\n\n\n\n<p class=\"wp-block-paragraph\"><strong>Aix\u00f2 significa que si introdu\u00efu manualment els llistats de professorat a les fitxes de graus i m\u00e0sters universitaris, podeu esborrar la informaci\u00f3 del camp i ja no caldr\u00e0 fer aquesta feina extra. Disposeu del camp per si heu de fer algun aclariment, per\u00f2 ja no heu de publicar llistats manuals si apareix el llistat autom\u00e0tic.<\/strong><\/p>\n\n\n\n<p class=\"wp-block-paragraph\">Us detallem el&nbsp;<b>calendari<\/b> de la c\u00e0rrega de dades de professorat en aquests llistats autom\u00e0tics:<\/p>\n\n\n\n<ul class=\"wp-block-list\">\n<li>A partir de l\u20191 de desembre, mostra el conjunt de professorat amb doc\u00e8ncia assignada a PDS el curs vigent<\/li>\n\n\n\n<li>Del 10 de juliol al 30 de novembre, el conjunt de professorat amb doc\u00e8ncia assignada a PDS els cursos vigent i futur<\/li>\n<\/ul>\n\n\n\n<p class=\"wp-block-paragraph\"><b>Enlla\u00e7 \u00abRecerca\u00bb<\/b>:<\/p>\n\n\n\n<p class=\"wp-block-paragraph\">L&#8217;enlla\u00e7 porta directament a la fitxa del\/de la professor\/a en el Portal de Recerca de la UAB (EGRETA). En els casos en que no aparegui aquest enlla\u00e7, contacteu amb l&#8217;adre\u00e7a de correu electr\u00f2nic egreta@uab.cat.<\/p>\n\n\n\n<dl class=\"pir\">\n<dt>I si alg\u00fa no apareix correctament al llistat?<\/dt>\n<\/dl>\n\n\n\n<p class=\"wp-block-paragraph\">Heu detectat un\/a professor\/a que amb assignaci\u00f3 a departament incorrecte, o departaments que no haurien d&#8217;apar\u00e8ixer en un grau o m\u00e0ster oficial concret? Cal revisar les dades! Aquestes dades no estan a Oracle, perqu\u00e8 \u00e9s un llistat autom\u00e0tic que creua dades de Sigma i PDS. Per a corregir casos concrets que detecteu, podeu parlar amb:<\/p>\n\n\n\n<p class=\"wp-block-paragraph\">Oficina Tecnol\u00f2gica de Recerca, si el problema \u00e9s que no apareix l&#8217;enlla\u00e7 \u00abRECERCA\u00bb. Podeu contactar-los mitjan\u00e7ant el correu electr\u00f2nic egreta@uab.cat.<\/p>\n\n\n\n<p class=\"wp-block-paragraph\"><a href=\"https:\/\/directori.uab.cat\/pcde\/entitat.jsf?id=2815\" target=\"_blank\" rel=\"noopener\">Unitat de Planificaci\u00f3 i Programaci\u00f3 Docent<\/a>&nbsp;si hi ha algun problema d&#8217;una persona assignada en un departament erroni o un grau o m\u00e0ster erroni.<\/p>\n\n\n\n<p class=\"wp-block-paragraph\">En fases posteriors d&#8217;aquest projecte est\u00e0 previst ampliar la informaci\u00f3 que ofereix el llistat, com per exemple:<\/p>\n\n\n\n<ul class=\"wp-block-list\">\n<li>Enlla\u00e7ar cap al perfil de doc\u00e8ncia del professor quan sigui possible (enlla\u00e7ant cap a la seva fitxa p\u00fablica de PDS).<\/li>\n\n\n\n<li>Enlla\u00e7ar cap al Directori UAB, per mostrar les dades de contacte.<\/li>\n\n\n\n<li>Traducci\u00f3 d&#8217;alguns camps que es mostren nom\u00e9s en catal\u00e0.<\/li>\n<\/ul>\n","protected":false},"excerpt":{"rendered":"","protected":false},"author":24,"featured_media":6660,"comment_status":"closed","ping_status":"closed","sticky":false,"template":"","format":"standard","meta":{"footnotes":""},"categories":[72,17],"tags":[35,36,37],"class_list":["post-864","post","type-post","status-publish","format-standard","has-post-thumbnail","hentry","category-novetats","category-tutorials","tag-masters-oficials","tag-professorat","tag-titulacions"],"_links":{"self":[{"href":"https:\/\/webs.uab.cat\/webedit\/wp-json\/wp\/v2\/posts\/864","targetHints":{"allow":["GET"]}}],"collection":[{"href":"https:\/\/webs.uab.cat\/webedit\/wp-json\/wp\/v2\/posts"}],"about":[{"href":"https:\/\/webs.uab.cat\/webedit\/wp-json\/wp\/v2\/types\/post"}],"author":[{"embeddable":true,"href":"https:\/\/webs.uab.cat\/webedit\/wp-json\/wp\/v2\/users\/24"}],"replies":[{"embeddable":true,"href":"https:\/\/webs.uab.cat\/webedit\/wp-json\/wp\/v2\/comments?post=864"}],"version-history":[{"count":1,"href":"https:\/\/webs.uab.cat\/webedit\/wp-json\/wp\/v2\/posts\/864\/revisions"}],"predecessor-version":[{"id":6520,"href":"https:\/\/webs.uab.cat\/webedit\/wp-json\/wp\/v2\/posts\/864\/revisions\/6520"}],"wp:featuredmedia":[{"embeddable":true,"href":"https:\/\/webs.uab.cat\/webedit\/wp-json\/wp\/v2\/media\/6660"}],"wp:attachment":[{"href":"https:\/\/webs.uab.cat\/webedit\/wp-json\/wp\/v2\/media?parent=864"}],"wp:term":[{"taxonomy":"category","embeddable":true,"href":"https:\/\/webs.uab.cat\/webedit\/wp-json\/wp\/v2\/categories?post=864"},{"taxonomy":"post_tag","embeddable":true,"href":"https:\/\/webs.uab.cat\/webedit\/wp-json\/wp\/v2\/tags?post=864"}],"curies":[{"name":"wp","href":"https:\/\/api.w.org\/{rel}","templated":true}]}}